{"id":46962,"date":"2019-07-17T10:55:20","date_gmt":"2019-07-17T14:55:20","guid":{"rendered":"https:\/\/linitiative.ca\/International\/bientot-le-demarrage-de-laudit-organisationnel-et-des-ressources-humaines-de-la-campost\/"},"modified":"2019-07-17T10:55:20","modified_gmt":"2019-07-17T14:55:20","slug":"bientot-le-demarrage-de-laudit-organisationnel-et-des-ressources-humaines-de-la-campost","status":"publish","type":"post","link":"https:\/\/linitiative.ca\/International\/bientot-le-demarrage-de-laudit-organisationnel-et-des-ressources-humaines-de-la-campost\/","title":{"rendered":"Bient\u00f4t le d\u00e9marrage de l\u2019audit organisationnel et des ressources humaines de la Campost"},"content":{"rendered":"<div class=\"featured-area featured-area-inner\"><img loading=\"lazy\" decoding=\"async\" width=\"780\" height=\"405\" src=\"https:\/\/i0.wp.com\/ecomatin.net\/wp-content\/uploads\/2019\/07\/ecomatin.net-diagnostic-bientot-le-demarrage-de-laudit-organisationnel-et-des-ressources-humaines-de-la-campost-campost-2019.jpg?resize=780%2C405&#038;ssl=1&#038;is-pending-load=1\" class=\"attachment-jannah-image-post size-jannah-image-post wp-post-image jetpack-lazy-image\" alt=\"\" data-attachment-id=\"9921\" data-permalink=\"https:\/\/ecomatin.net\/diagnostic-bientot-le-demarrage-de-laudit-organisationnel-et-des-ressources-humaines-de-la-campost\/campost-2019\/\" data-orig-file=\"https:\/\/i0.wp.com\/ecomatin.net\/wp-content\/uploads\/2019\/07\/ecomatin.net-diagnostic-bientot-le-demarrage-de-laudit-organisationnel-et-des-ressources-humaines-de-la-campost-campost-2019.jpg?fit=2592%2C1552&#038;ssl=1\" data-orig-size=\"2592,1552\" data-comments-opened=\"0\" data-image-meta=\"{\"aperture\":\"0\",\"credit\":\"\",\"camera\":\"HTC One V\",\"caption\":\"\",\"created_timestamp\":\"1432658093\",\"copyright\":\"\",\"focal_length\":\"3.03\",\"iso\":\"74\",\"shutter_speed\":\"0\",\"title\":\"\",\"orientation\":\"0\"}\" data-image-title=\"Campost 2019\" data-image-description=\"\" data-medium-file=\"https:\/\/i0.wp.com\/ecomatin.net\/wp-content\/uploads\/2019\/07\/ecomatin.net-diagnostic-bientot-le-demarrage-de-laudit-organisationnel-et-des-ressources-humaines-de-la-campost-campost-2019.jpg?fit=300%2C180&#038;ssl=1\" data-large-file=\"https:\/\/i0.wp.com\/ecomatin.net\/wp-content\/uploads\/2019\/07\/ecomatin.net-diagnostic-bientot-le-demarrage-de-laudit-organisationnel-et-des-ressources-humaines-de-la-campost-campost-2019.jpg?fit=1024%2C613&#038;ssl=1\" data-lazy-srcset=\"https:\/\/i0.wp.com\/ecomatin.net\/wp-content\/uploads\/2019\/07\/ecomatin.net-diagnostic-bientot-le-demarrage-de-laudit-organisationnel-et-des-ressources-humaines-de-la-campost-campost-2019.jpg?resize=780%2C405&#038;ssl=1 780w, https:\/\/i0.wp.com\/ecomatin.net\/wp-content\/uploads\/2019\/07\/ecomatin.net-diagnostic-bientot-le-demarrage-de-laudit-organisationnel-et-des-ressources-humaines-de-la-campost-campost-2019.jpg?zoom=2&#038;resize=780%2C405&#038;ssl=1 1560w, https:\/\/i0.wp.com\/ecomatin.net\/wp-content\/uploads\/2019\/07\/ecomatin.net-diagnostic-bientot-le-demarrage-de-laudit-organisationnel-et-des-ressources-humaines-de-la-campost-campost-2019.jpg?zoom=3&#038;resize=780%2C405&#038;ssl=1 2340w\" data-lazy-sizes=\"(max-width: 780px) 100vw, 780px\" srcset=\"data:image\/gif;base64,R0lGODlhAQABAIAAAAAAAP\/\/\/yH5BAEAAAAALAAAAAABAAEAAAIBRAA7\"\/><\/div>\n<div class=\"entry-content entry clearfix\" readability=\"57\">\n<p>D\u2019apr\u00e8s une d\u00e9cision du directeur g\u00e9n\u00e9ral de la Cameroon Postal Services (Campost), <strong>Pierre Kaldadak<\/strong> dat\u00e9e du 11 juillet dernier, l\u2019audit organisationnel et des ressources humaines de l\u2019entreprise au titre de l\u2019exercice 2019 va d\u00e9marrer tr\u00e8s prochainement. La <strong>soci\u00e9t\u00e9 Panafric Engnering Services (PANESS) Sarl<\/strong> a \u00e9t\u00e9 retenue comme adjudicataire pour r\u00e9aliser cette op\u00e9ration. Le co\u00fbt est de <strong>119,9 millions FCFA<\/strong>. L\u2019op\u00e9ration sera financ\u00e9e par le budget du minist\u00e8re des Finances (Minfi), en particulier par le contrat plan Etat\/Campost 2019-2021.<\/p>\n<p>Au niveau de l\u2019organisation, l\u2019objectif de l\u2019appel d\u2019offres national restreint lanc\u00e9 le 11 juin dernier est entre autres d\u2019\u00ab<em>adapter la Campost \u00e0 l\u2019\u00e9volution num\u00e9rique et \u00e0 la digitalisation du march\u00e9 des services et messagerie postale et des services financiers postaux et arrimer la structure organisationnelle de la Campost \u00e0 celles des op\u00e9rateurs postaux publics les plus performants au niveau continental qu\u2019intercontinental<\/em>\u00bb. Au niveau des ressources humaines, il est notamment question d\u2019examiner la politique des ressources humaines et proposer des axes d\u2019am\u00e9lioration et un plan d\u2019organisation des effectifs, un plan de profil associ\u00e9 et un plan de recrutement aux postes de responsabilit\u00e9 pr\u00e9vus par l\u2019organigramme.<\/p>\n<p>L\u2019audit au sein de la Campost survient dans un contexte o\u00f9 l\u2019entreprise a mis sur pied un plan de restructuration pour se donner un nouveau souffle. En effet, l\u2019Etat camerounais s\u2019est engag\u00e9 \u00e0 soutenir la Campost sur un financement de global de <strong>22,8 milliards FCFA<\/strong> pour retrouver l\u2019\u00e9quilibre en 2021. Ce plan a l\u2019ambition de permettre \u00e0 l\u2019entreprise postale de contribuer au d\u00e9veloppement de l\u2019\u00e9conomie num\u00e9rique en acqu\u00e9rant des plateformes num\u00e9riques (e-commerce, mobile money, courrier hybride) pour moderniser son offre. Cependant, sa r\u00e9ussite est conditionn\u00e9e par la mobilisation active et indispensable du personnel de l\u2019entreprise.<\/p>\n<div class=\"about-author about-author-box container-wrapper\">\n<div class=\"author-avatar\">\n<p><img decoding=\"async\" src=\"http:\/\/\" alt=\"\"\/><\/p>\n<\/div>\n<p><h4>La R\u00e9daction EcoMatin<\/h4>\n<\/p>\n<\/div>\n<div class=\"awac-wrapper awac widget blog_subscription-2\">\n<h4 class=\"widget-title\">Abonnez-vous \u00e0 notre lettre d&rsquo;information<\/h4>\n<\/div>\n<\/div>\n<div class=\"toggle-post-content clearfix\"><a id=\"toggle-post-button\" class=\"button\" href=\"#\">Afficher plus <\/a><\/div>\n<p>Auteur: EcoMatin<br \/>\n<a href=\"https:\/\/ecomatin.net\/diagnostic-bientot-le-demarrage-de-laudit-organisationnel-et-des-ressources-humaines-de-la-campost\/\">Cliquez ici pour lire l&rsquo;article depuis sa source.<\/a><\/p>\n","protected":false},"excerpt":{"rendered":"<p>D\u2019apr\u00e8s une d\u00e9cision du directeur g\u00e9n\u00e9ral de la Cameroon Postal Services (Campost), Pierre Kaldadak dat\u00e9e du 11 juillet dernier, l\u2019audit organisationnel et des ressources humaines de l\u2019entreprise au titre de l\u2019exercice 2019 va d\u00e9marrer tr\u00e8s prochainement. La soci\u00e9t\u00e9 Panafric Engnering Services (PANESS) Sarl a \u00e9t\u00e9 retenue comme adjudicataire pour r\u00e9aliser cette op\u00e9ration. Le co\u00fbt est [&hellip;]<\/p>\n","protected":false},"author":1969,"featured_media":0,"comment_status":"closed","ping_status":"closed","sticky":false,"template":"","format":"standard","meta":{"fifu_image_url":"","fifu_image_alt":"","footnotes":""},"categories":[82,78],"tags":[],"class_list":["post-46962","post","type-post","status-publish","format-standard","hentry","category-cameroun","category-economie"],"_links":{"self":[{"href":"https:\/\/linitiative.ca\/International\/wp-json\/wp\/v2\/posts\/46962","targetHints":{"allow":["GET"]}}],"collection":[{"href":"https:\/\/linitiative.ca\/International\/wp-json\/wp\/v2\/posts"}],"about":[{"href":"https:\/\/linitiative.ca\/International\/wp-json\/wp\/v2\/types\/post"}],"author":[{"embeddable":true,"href":"https:\/\/linitiative.ca\/International\/wp-json\/wp\/v2\/users\/1969"}],"replies":[{"embeddable":true,"href":"https:\/\/linitiative.ca\/International\/wp-json\/wp\/v2\/comments?post=46962"}],"version-history":[{"count":0,"href":"https:\/\/linitiative.ca\/International\/wp-json\/wp\/v2\/posts\/46962\/revisions"}],"wp:attachment":[{"href":"https:\/\/linitiative.ca\/International\/wp-json\/wp\/v2\/media?parent=46962"}],"wp:term":[{"taxonomy":"category","embeddable":true,"href":"https:\/\/linitiative.ca\/International\/wp-json\/wp\/v2\/categories?post=46962"},{"taxonomy":"post_tag","embeddable":true,"href":"https:\/\/linitiative.ca\/International\/wp-json\/wp\/v2\/tags?post=46962"}],"curies":[{"name":"wp","href":"https:\/\/api.w.org\/{rel}","templated":true}]}}