{"id":46964,"date":"2019-07-17T11:56:30","date_gmt":"2019-07-17T15:56:30","guid":{"rendered":"https:\/\/linitiative.ca\/International\/corporate-nestle-donne-les-recettes-dune-alimentation-saine\/"},"modified":"2019-07-17T11:56:30","modified_gmt":"2019-07-17T15:56:30","slug":"corporate-nestle-donne-les-recettes-dune-alimentation-saine","status":"publish","type":"post","link":"https:\/\/linitiative.ca\/International\/corporate-nestle-donne-les-recettes-dune-alimentation-saine\/","title":{"rendered":"Corporate : Nestl\u00e9 donne les recettes d\u2019une alimentation saine"},"content":{"rendered":"<div class=\"featured-area featured-area-inner\"><img loading=\"lazy\" decoding=\"async\" width=\"780\" height=\"405\" src=\"https:\/\/i1.wp.com\/ecomatin.net\/wp-content\/uploads\/2019\/07\/ecomatin.net-corporate-nestle-donne-les-recettes-dune-alimentation-saine-caravane-nutrition-3-1.jpg?resize=780%2C405&#038;ssl=1&#038;is-pending-load=1\" class=\"attachment-jannah-image-post size-jannah-image-post wp-post-image jetpack-lazy-image\" alt=\"\" data-attachment-id=\"9931\" data-permalink=\"https:\/\/ecomatin.net\/corporate-nestle-donne-les-recettes-dune-alimentation-saine\/caravane-nutrition-3-1\/\" data-orig-file=\"https:\/\/i1.wp.com\/ecomatin.net\/wp-content\/uploads\/2019\/07\/ecomatin.net-corporate-nestle-donne-les-recettes-dune-alimentation-saine-caravane-nutrition-3-1.jpg?fit=1040%2C780&#038;ssl=1\" data-orig-size=\"1040,780\" data-comments-opened=\"0\" data-image-meta=\"{\"aperture\":\"0\",\"credit\":\"\",\"camera\":\"\",\"caption\":\"\",\"created_timestamp\":\"0\",\"copyright\":\"\",\"focal_length\":\"0\",\"iso\":\"0\",\"shutter_speed\":\"0\",\"title\":\"\",\"orientation\":\"0\"}\" data-image-title=\"Caravane Nutrition 3 (1)\" data-image-description=\"\" data-medium-file=\"https:\/\/i1.wp.com\/ecomatin.net\/wp-content\/uploads\/2019\/07\/ecomatin.net-corporate-nestle-donne-les-recettes-dune-alimentation-saine-caravane-nutrition-3-1.jpg?fit=300%2C225&#038;ssl=1\" data-large-file=\"https:\/\/i1.wp.com\/ecomatin.net\/wp-content\/uploads\/2019\/07\/ecomatin.net-corporate-nestle-donne-les-recettes-dune-alimentation-saine-caravane-nutrition-3-1.jpg?fit=1024%2C768&#038;ssl=1\" srcset=\"data:image\/gif;base64,R0lGODlhAQABAIAAAAAAAP\/\/\/yH5BAEAAAAALAAAAAABAAEAAAIBRAA7\"\/><\/div>\n<div class=\"entry-content entry clearfix\" readability=\"62\">\n<p>L\u2019\u00e9quipe de <strong>Nestl\u00e9 Cameroun<\/strong> a sillonn\u00e9 du 13 mars au 15 juin 2019, 36 localit\u00e9s des R\u00e9gions de l\u2019Extr\u00eame-Nord, du Nord, de l\u2019Adamaoua, l\u2019Est, l\u2019Ouest, le Sud, le Littoral et le Centre. Ce p\u00e9riple est cons\u00e9cutif\u00a0 \u00e0 une caravane sur la nutrition que <strong>Nestl\u00e9 Cameroun<\/strong> a organis\u00e9 \u00e0 l\u2019intention de <strong>16 000<\/strong> <strong>familles<\/strong>. Au finish, celles-ci, ont \u00e9t\u00e9 \u00e9difi\u00e9es sur l\u2019importance de la nutrition de l\u2019enfant d\u00e8s 6 mois, le r\u00f4le du lait dans la nutrition de l\u2019enfant,\u00a0 les micronutriments contenus dans les repas locaux et pouvant pallier aux carences des enfants. Sans oublier les apports en micronutriments essentiels de <strong>Nido<\/strong> et <strong>Cerelac\u00a0<\/strong> qui contribue \u00e0 satisfaire les besoins nutritionnels journaliers de l\u2019enfant.<\/p>\n<p>Pour <strong>Robert Helou<\/strong>, Administrateur G\u00e9n\u00e9ral de Nestl\u00e9 Cameroun : \u00ab<em>La caravane sur la nutrition est la preuve de la d\u00e9termination de Nestl\u00e9 Cameroun \u00e0 aider les individus et les familles \u00e0 vivre sainement \u00e0 travers une alimentation saine et \u00e9quilibr\u00e9e. Nestl\u00e9 Cameroun continuera \u00e0 jouer pleinement son r\u00f4le pour tenir ses engagements afin de contribuer au bonheur et au bien-\u00eatre des populations camerounaises en leur proposant des aliments sains, fortifi\u00e9s et abordables<\/em>\u00bb.<\/p>\n<p>Faisant \u00e9cho \u00e0 la raison d\u2019\u00eatre de Nestl\u00e9, qui est d\u2019am\u00e9liorer la qualit\u00e9 de vie, cette caravane est une illustration concr\u00e8te des engagements de l\u2019entreprise \u00e0 savoir\u00a0: am\u00e9liorer l\u2019acc\u00e8s \u00e0 la nutrition on offrant des aliments abordables, fortifi\u00e9 et de grande qualit\u00e9 pour contribuer \u00e0 r\u00e9duire les maladies non transmissibles. Elle doit permettre d\u2019am\u00e9liorer les indicateurs li\u00e9s \u00e0 la nutrition et \u00e0 la sant\u00e9 au Cameroun. Pour rappel, <strong>35%<\/strong> d\u2019enfants de moins de 5 ans d\u00e9c\u00e8dent des suites de malnutrition selon l\u2019<strong>Enqu\u00eate d\u00e9mographique et sant\u00e9 (EDS).<\/strong><\/p>\n<div class=\"about-author about-author-box container-wrapper\">\n<div class=\"author-avatar\">\n<p><img decoding=\"async\" src=\"http:\/\/\" alt=\"\"\/><\/p>\n<\/div>\n<p><h4>La R\u00e9daction EcoMatin<\/h4>\n<\/p>\n<\/div>\n<div class=\"awac-wrapper awac widget blog_subscription-2\">\n<h4 class=\"widget-title\">Abonnez-vous \u00e0 notre lettre d&rsquo;information<\/h4>\n<\/div>\n<\/div>\n<div class=\"toggle-post-content clearfix\"><a id=\"toggle-post-button\" class=\"button\" href=\"#\">Afficher plus <\/a><\/div>\n<p>Auteur: EcoMatin<br \/>\n<a href=\"https:\/\/ecomatin.net\/corporate-nestle-donne-les-recettes-dune-alimentation-saine\/\">Cliquez ici pour lire l&rsquo;article depuis sa source.<\/a><\/p>\n","protected":false},"excerpt":{"rendered":"<p>L\u2019\u00e9quipe de Nestl\u00e9 Cameroun a sillonn\u00e9 du 13 mars au 15 juin 2019, 36 localit\u00e9s des R\u00e9gions de l\u2019Extr\u00eame-Nord, du Nord, de l\u2019Adamaoua, l\u2019Est, l\u2019Ouest, le Sud, le Littoral et le Centre. Ce p\u00e9riple est cons\u00e9cutif\u00a0 \u00e0 une caravane sur la nutrition que Nestl\u00e9 Cameroun a organis\u00e9 \u00e0 l\u2019intention de 16 000 familles. Au finish, [&hellip;]<\/p>\n","protected":false},"author":1969,"featured_media":0,"comment_status":"closed","ping_status":"closed","sticky":false,"template":"","format":"standard","meta":{"fifu_image_url":"","fifu_image_alt":"","footnotes":""},"categories":[82,78],"tags":[],"class_list":["post-46964","post","type-post","status-publish","format-standard","hentry","category-cameroun","category-economie"],"_links":{"self":[{"href":"https:\/\/linitiative.ca\/International\/wp-json\/wp\/v2\/posts\/46964","targetHints":{"allow":["GET"]}}],"collection":[{"href":"https:\/\/linitiative.ca\/International\/wp-json\/wp\/v2\/posts"}],"about":[{"href":"https:\/\/linitiative.ca\/International\/wp-json\/wp\/v2\/types\/post"}],"author":[{"embeddable":true,"href":"https:\/\/linitiative.ca\/International\/wp-json\/wp\/v2\/users\/1969"}],"replies":[{"embeddable":true,"href":"https:\/\/linitiative.ca\/International\/wp-json\/wp\/v2\/comments?post=46964"}],"version-history":[{"count":0,"href":"https:\/\/linitiative.ca\/International\/wp-json\/wp\/v2\/posts\/46964\/revisions"}],"wp:attachment":[{"href":"https:\/\/linitiative.ca\/International\/wp-json\/wp\/v2\/media?parent=46964"}],"wp:term":[{"taxonomy":"category","embeddable":true,"href":"https:\/\/linitiative.ca\/International\/wp-json\/wp\/v2\/categories?post=46964"},{"taxonomy":"post_tag","embeddable":true,"href":"https:\/\/linitiative.ca\/International\/wp-json\/wp\/v2\/tags?post=46964"}],"curies":[{"name":"wp","href":"https:\/\/api.w.org\/{rel}","templated":true}]}}