{"id":46965,"date":"2019-07-17T12:53:05","date_gmt":"2019-07-17T16:53:05","guid":{"rendered":"https:\/\/linitiative.ca\/International\/gestion-publique-le-comite-de-la-beac-se-reunit-ce-jeudi\/"},"modified":"2019-07-17T12:53:05","modified_gmt":"2019-07-17T16:53:05","slug":"gestion-publique-le-comite-de-la-beac-se-reunit-ce-jeudi","status":"publish","type":"post","link":"https:\/\/linitiative.ca\/International\/gestion-publique-le-comite-de-la-beac-se-reunit-ce-jeudi\/","title":{"rendered":"Gestion publique : le comit\u00e9 de la Beac se r\u00e9unit ce jeudi"},"content":{"rendered":"<div class=\"featured-area featured-area-inner\"><img loading=\"lazy\" decoding=\"async\" width=\"612\" height=\"306\" src=\"https:\/\/i1.wp.com\/ecomatin.net\/wp-content\/uploads\/2019\/04\/ecomatin.net-beac-le-personnel-redoute-un-plan-social-beac-2.jpg?resize=612%2C306&#038;ssl=1&#038;is-pending-load=1\" class=\"attachment-jannah-image-post size-jannah-image-post wp-post-image jetpack-lazy-image\" alt=\"\" data-attachment-id=\"7627\" data-permalink=\"https:\/\/ecomatin.net\/beac-le-personnel-redoute-un-plan-social\/beac-2-8\/\" data-orig-file=\"https:\/\/i1.wp.com\/ecomatin.net\/wp-content\/uploads\/2019\/04\/ecomatin.net-beac-le-personnel-redoute-un-plan-social-beac-2.jpg?fit=612%2C306&#038;ssl=1\" data-orig-size=\"612,306\" data-comments-opened=\"0\" data-image-meta=\"{\"aperture\":\"0\",\"credit\":\"\",\"camera\":\"\",\"caption\":\"\",\"created_timestamp\":\"0\",\"copyright\":\"\",\"focal_length\":\"0\",\"iso\":\"0\",\"shutter_speed\":\"0\",\"title\":\"\",\"orientation\":\"0\"}\" data-image-title=\"Beac 2\" data-image-description=\"\" data-medium-file=\"https:\/\/i1.wp.com\/ecomatin.net\/wp-content\/uploads\/2019\/04\/ecomatin.net-beac-le-personnel-redoute-un-plan-social-beac-2.jpg?fit=300%2C150&#038;ssl=1\" data-large-file=\"https:\/\/i1.wp.com\/ecomatin.net\/wp-content\/uploads\/2019\/04\/ecomatin.net-beac-le-personnel-redoute-un-plan-social-beac-2.jpg?fit=612%2C306&#038;ssl=1\" data-lazy-srcset=\"https:\/\/i1.wp.com\/ecomatin.net\/wp-content\/uploads\/2019\/04\/ecomatin.net-beac-le-personnel-redoute-un-plan-social-beac-2.jpg?w=612&#038;ssl=1 612w, https:\/\/i1.wp.com\/ecomatin.net\/wp-content\/uploads\/2019\/04\/ecomatin.net-beac-le-personnel-redoute-un-plan-social-beac-2.jpg?resize=300%2C150&#038;ssl=1 300w\" data-lazy-sizes=\"(max-width: 612px) 100vw, 612px\" srcset=\"data:image\/gif;base64,R0lGODlhAQABAIAAAAAAAP\/\/\/yH5BAEAAAAALAAAAAABAAEAAAIBRAA7\"\/><\/div>\n<div class=\"entry-content entry clearfix\" readability=\"63\">\n<p>Le gouverneur de la Banque des Etats de l\u2019Afrique centrale, <strong>Abbas Mahamat Tolli<\/strong> pr\u00e9side demain 18 juillet la deuxi\u00e8me r\u00e9union ordinaire du comit\u00e9 de politique mon\u00e9taire de la Banque centrale.\u00a0 Cette session permettra de savoir si la Banque centrale vu ses derni\u00e8res \u00e9volutions dans l\u2019environnement \u00e9conomique international et sous-r\u00e9gional changera ou maintiendra ses principaux taux.<\/p>\n<p>Cette seconde assise de l\u2019ann\u00e9e qui se tient un peu plus de trois mois apr\u00e8s celle du 21 mars dernier, intervient dans un contexte assez particulier, notamment celui de l\u2019entr\u00e9e en vigueur de la nouvelle r\u00e9glementation des changes en zone Cemac. Apr\u00e8s le lancement d\u00e9but juillet \u00e0 Douala de la sensibilisation sur ce nouveau texte, la probl\u00e9matique des devises dans la sous-r\u00e9gion n\u2019est pas encore compl\u00e8tement \u00e9vacu\u00e9e. \u00a0Par ailleurs, le comit\u00e9 de pilotage du programme des <strong>r\u00e9formes \u00e9conomiques et financi\u00e8res (Pref-Cemac)<\/strong> s\u2019est \u00e9galement r\u00e9uni dans la capitale \u00e9conomique annon\u00e7ant des progr\u00e8s dans les diff\u00e9rents Etats-membres. Cela se traduisant par des pr\u00e9visions de croissance optimistes \u00e0 plus de <strong>3%<\/strong> pour la zone cette ann\u00e9e.<\/p>\n<p>Lors du dernier comit\u00e9 le 21 mars 2019,\u00a0 la Beac tablait sur un taux de croissance de <strong>3,2%<\/strong> \u00a0contre <strong>1,7%<\/strong> en 2018.Tenant compte de ces perspectives macro\u00e9conomiques, apr\u00e8s analyse du fonctionnement du march\u00e9 mon\u00e9taire, le CPM a d\u00e9cid\u00e9 de maintenir inchang\u00e9 : Le taux d\u2019int\u00e9r\u00eat des appels d\u2019offres \u00e0 <strong>3,50%<\/strong>, le taux de la facilit\u00e9 de pr\u00eat marginal \u00e0 <strong>6,00%<\/strong>. De m\u00eame que le taux de la facilit\u00e9 des d\u00e9p\u00f4ts \u00e0 <strong>0,00%<\/strong>, le taux de p\u00e9nalit\u00e9 aux banques \u00e0 <strong>8,30%<\/strong>. Enfin les coefficients des r\u00e9serves obligatoires \u00e0 <strong>7,00%<\/strong> et <strong>4,50%<\/strong> sur les d\u00e9p\u00f4ts \u00e0 vue et \u00e0 terme respectivement.<\/p>\n<div class=\"about-author about-author-box container-wrapper\">\n<div class=\"author-avatar\">\n<p><img decoding=\"async\" src=\"http:\/\/\" alt=\"\"\/><\/p>\n<\/div>\n<p><h4>La R\u00e9daction EcoMatin<\/h4>\n<\/p>\n<\/div>\n<div class=\"awac-wrapper awac widget blog_subscription-2\">\n<h4 class=\"widget-title\">Abonnez-vous \u00e0 notre lettre d&rsquo;information<\/h4>\n<\/div>\n<\/div>\n<div class=\"toggle-post-content clearfix\"><a id=\"toggle-post-button\" class=\"button\" href=\"#\">Afficher plus <\/a><\/div>\n<p>Auteur: EcoMatin<br \/>\n<a href=\"https:\/\/ecomatin.net\/gestion-publique-le-comite-de-la-beac-se-reunit-ce-jeudi\/\">Cliquez ici pour lire l&rsquo;article depuis sa source.<\/a><\/p>\n","protected":false},"excerpt":{"rendered":"<p>Le gouverneur de la Banque des Etats de l\u2019Afrique centrale, Abbas Mahamat Tolli pr\u00e9side demain 18 juillet la deuxi\u00e8me r\u00e9union ordinaire du comit\u00e9 de politique mon\u00e9taire de la Banque centrale.\u00a0 Cette session permettra de savoir si la Banque centrale vu ses derni\u00e8res \u00e9volutions dans l\u2019environnement \u00e9conomique international et sous-r\u00e9gional changera ou maintiendra ses principaux taux. [&hellip;]<\/p>\n","protected":false},"author":1969,"featured_media":0,"comment_status":"closed","ping_status":"closed","sticky":false,"template":"","format":"standard","meta":{"fifu_image_url":"","fifu_image_alt":"","footnotes":""},"categories":[82,78],"tags":[],"class_list":["post-46965","post","type-post","status-publish","format-standard","hentry","category-cameroun","category-economie"],"_links":{"self":[{"href":"https:\/\/linitiative.ca\/International\/wp-json\/wp\/v2\/posts\/46965","targetHints":{"allow":["GET"]}}],"collection":[{"href":"https:\/\/linitiative.ca\/International\/wp-json\/wp\/v2\/posts"}],"about":[{"href":"https:\/\/linitiative.ca\/International\/wp-json\/wp\/v2\/types\/post"}],"author":[{"embeddable":true,"href":"https:\/\/linitiative.ca\/International\/wp-json\/wp\/v2\/users\/1969"}],"replies":[{"embeddable":true,"href":"https:\/\/linitiative.ca\/International\/wp-json\/wp\/v2\/comments?post=46965"}],"version-history":[{"count":0,"href":"https:\/\/linitiative.ca\/International\/wp-json\/wp\/v2\/posts\/46965\/revisions"}],"wp:attachment":[{"href":"https:\/\/linitiative.ca\/International\/wp-json\/wp\/v2\/media?parent=46965"}],"wp:term":[{"taxonomy":"category","embeddable":true,"href":"https:\/\/linitiative.ca\/International\/wp-json\/wp\/v2\/categories?post=46965"},{"taxonomy":"post_tag","embeddable":true,"href":"https:\/\/linitiative.ca\/International\/wp-json\/wp\/v2\/tags?post=46965"}],"curies":[{"name":"wp","href":"https:\/\/api.w.org\/{rel}","templated":true}]}}