{"id":46969,"date":"2019-07-18T08:22:05","date_gmt":"2019-07-18T12:22:05","guid":{"rendered":"https:\/\/linitiative.ca\/International\/victor-gomez-au-sifflet-de-la-finale\/"},"modified":"2019-07-18T08:22:05","modified_gmt":"2019-07-18T12:22:05","slug":"victor-gomez-au-sifflet-de-la-finale","status":"publish","type":"post","link":"https:\/\/linitiative.ca\/International\/victor-gomez-au-sifflet-de-la-finale\/","title":{"rendered":"Victor Gomez au sifflet de la finale"},"content":{"rendered":"<header>\n<\/header>\n<div class=\"entry-content clearfix\" readability=\"44\"><img decoding=\"async\" class=\"post_layout_5_img\" src=\"http:\/\/aujourdhui.ma\/wp-content\/uploads\/2019\/07\/Arbitre-sud-africain-Victor-Gomez.jpg?x29840\" alt=\"Victor Gomez au sifflet de la finale\"\/><\/p>\n<p class=\"p1\"><span class=\"s1 c5\"><span class=\"c4\"><strong>La CAF a d\u00e9sign\u00e9 l\u2019arbitre sud-africain Victor Gomez pour officier lors de la finale de la CAN-2019 qui opposera la s\u00e9lection alg\u00e9rienne \u00e0 son homologue s\u00e9n\u00e9galaise, vendredi au Stade international du Caire.<\/strong><\/span><\/span><span id=\"more-315322\"\/><\/p>\n<p class=\"p1\"><span class=\"s1\">Victor Gomez sera second\u00e9 par son compatriote Zaki Sawila et Sorro Fustoni du Lesotho, tandis que le Congolais Jean Jacques N\u2019Dala sera le quatri\u00e8me arbitre. L\u2019arbitre sud-africain, 36 ans, a d\u00e9j\u00e0 dirig\u00e9 deux rencontres de la CAN-2019, en l\u2019occurrence Egypte-Zimbabw\u00e9 lors de la phase de poules et Ghana-Tunisie en huiti\u00e8me. Quant au match de classement qui a mis aux prises la Tunisie et le Nigeria il a \u00e9t\u00e9 confi\u00e9 \u00e0 l\u2019Egyptien Gehad Gericha.<\/span><\/p>\n<\/div>\n<p>Auteur: ALM<br \/>\n<a href=\"http:\/\/aujourdhui.ma\/special\/victor-gomez-au-sifflet-de-la-finale\">Cliquez ici pour lire l&rsquo;article depuis sa source.<\/a><\/p>\n","protected":false},"excerpt":{"rendered":"<p>La CAF a d\u00e9sign\u00e9 l\u2019arbitre sud-africain Victor Gomez pour officier lors de la finale de la CAN-2019 qui opposera la s\u00e9lection alg\u00e9rienne \u00e0 son homologue s\u00e9n\u00e9galaise, vendredi au Stade international du Caire. Victor Gomez sera second\u00e9 par son compatriote Zaki Sawila et Sorro Fustoni du Lesotho, tandis que le Congolais Jean Jacques N\u2019Dala sera le [&hellip;]<\/p>\n","protected":false},"author":1759,"featured_media":0,"comment_status":"closed","ping_status":"closed","sticky":false,"template":"","format":"standard","meta":{"fifu_image_url":"","fifu_image_alt":"","footnotes":""},"categories":[73,54],"tags":[],"class_list":["post-46969","post","type-post","status-publish","format-standard","hentry","category-actualite","category-maroc"],"_links":{"self":[{"href":"https:\/\/linitiative.ca\/International\/wp-json\/wp\/v2\/posts\/46969","targetHints":{"allow":["GET"]}}],"collection":[{"href":"https:\/\/linitiative.ca\/International\/wp-json\/wp\/v2\/posts"}],"about":[{"href":"https:\/\/linitiative.ca\/International\/wp-json\/wp\/v2\/types\/post"}],"author":[{"embeddable":true,"href":"https:\/\/linitiative.ca\/International\/wp-json\/wp\/v2\/users\/1759"}],"replies":[{"embeddable":true,"href":"https:\/\/linitiative.ca\/International\/wp-json\/wp\/v2\/comments?post=46969"}],"version-history":[{"count":0,"href":"https:\/\/linitiative.ca\/International\/wp-json\/wp\/v2\/posts\/46969\/revisions"}],"wp:attachment":[{"href":"https:\/\/linitiative.ca\/International\/wp-json\/wp\/v2\/media?parent=46969"}],"wp:term":[{"taxonomy":"category","embeddable":true,"href":"https:\/\/linitiative.ca\/International\/wp-json\/wp\/v2\/categories?post=46969"},{"taxonomy":"post_tag","embeddable":true,"href":"https:\/\/linitiative.ca\/International\/wp-json\/wp\/v2\/tags?post=46969"}],"curies":[{"name":"wp","href":"https:\/\/api.w.org\/{rel}","templated":true}]}}