{"id":46971,"date":"2019-07-18T08:35:03","date_gmt":"2019-07-18T12:35:03","guid":{"rendered":"https:\/\/linitiative.ca\/International\/le-10e-festival-timizart-dargent-du-18-au-22-juillet-a-tiznit\/"},"modified":"2019-07-18T08:35:03","modified_gmt":"2019-07-18T12:35:03","slug":"le-10e-festival-timizart-dargent-du-18-au-22-juillet-a-tiznit","status":"publish","type":"post","link":"https:\/\/linitiative.ca\/International\/le-10e-festival-timizart-dargent-du-18-au-22-juillet-a-tiznit\/","title":{"rendered":"Le 10\u00e8 festival \u00abTimizart\u00bb d\u2019argent du 18 au 22 juillet \u00e0 Tiznit"},"content":{"rendered":"<p><img decoding=\"async\" class=\"post_layout_5_img\" src=\"http:\/\/aujourdhui.ma\/wp-content\/uploads\/2019\/07\/festival-Timizart-Tiznit.jpg?x29840\" alt=\"Le 10\u00e8 festival \u00abTimizart\u00bb d\u2019argent du 18 au 22 juillet \u00e0 Tiznit\"\/><\/p>\n<p class=\"p1\"><span class=\"c4\"><strong><span class=\"s1\"><em>Sous le signe \u00abL\u2019orf\u00e8vrerie d\u2019argent : Identit\u00e9, cr\u00e9ativit\u00e9 et d\u00e9veloppement\u00bb<\/em><\/span><\/strong><\/span><span id=\"more-315334\"\/><\/p>\n<p class=\"p1\"><span class=\"s1\">L\u2019association Timizart organise, du 18 au 22 juillet \u00e0 Tiznit, la dixi\u00e8me \u00e9dition du Festival \u00abTimizart\u00bb d\u2019argent sous le signe \u00abL\u2019orf\u00e8vrerie d\u2019argent: identit\u00e9, cr\u00e9ativit\u00e9 et d\u00e9veloppement\u00bb. Un communiqu\u00e9 de l\u2019Association indique que cette \u00e9dition c\u00e9l\u00e8bre dix ans d\u2019efforts inlassables et d\u2019initiatives efficaces au service de nombreux m\u00e9tiers, en premier lieu l\u2019orf\u00e8vrerie qui se caract\u00e9rise par sa qualit\u00e9 et le savoir-faire de ses artisans, devenant ainsi l\u2019un des piliers de l\u2019artisanat dans la ville de Tiznit qui occupe d\u00e9sormais une place de choix au niveau national dans ce domaine. La c\u00e9r\u00e9monie d\u2019ouverture du festival sera marqu\u00e9e par la pr\u00e9sentation d\u2019un livre qui retrace les principales actions et efforts d\u00e9ploy\u00e9s, au niveau culturel et scientifique, lors des \u00e9ditions pr\u00e9c\u00e9dentes de ce rendez-vous annuel.<\/span><\/p>\n<p class=\"p1\"><span class=\"s1\">Ce travail, explique le communiqu\u00e9, vise \u00e0 faire valoir les travaux men\u00e9s par des chercheurs universitaires portant sur les diff\u00e9rents aspects et objectifs de ce festival. Et d\u2019ajouter que le programme de cette manifestation qui contribue \u00e0 mettre en valeur l\u2019identit\u00e9 culturelle et patrimoniale de la ville de Tiznit, pr\u00e9voit une s\u00e9rie d\u2019activit\u00e9s dont une exposition de bijoux en argent \u00e0 la Place \u00abAl Michouar\u00bb et ce, avec la participation de plusieurs exposants nationaux et internationaux (Italie, Inde, France, Tunisie, Alg\u00e9rie, S\u00e9n\u00e9gal).<\/span><\/p>\n<p class=\"p1\"><span class=\"s1\">Au menu figurent aussi une exposition de produits du terroir et d\u2019artisanat, des spectacles \u00e9questres (tbourida) et folkloriques, en sus de soir\u00e9es artistiques et musicales anim\u00e9es par une pl\u00e9iade d\u2019artistes, un d\u00e9fil\u00e9 de mode, des conf\u00e9rences et des ateliers d\u2019artisanat. La 10\u00e8 \u00e9dition du Festival \u00abTimizart\u00bb d\u2019argent est organis\u00e9e en partenariat avec les services du minist\u00e8re de l\u2019int\u00e9rieur et du minist\u00e8re du tourisme, du transport a\u00e9rien, de l\u2019artisanat et de l\u2019\u00e9conomie sociale, le Conseil r\u00e9gional du Souss-Massa, les Conseils provincial et communal de Tiznit, la Chambre r\u00e9gionale d\u2019artisanat et la Maison de l\u2019artisan.<\/span><\/p>\n<p>Auteur: ALM<br \/>\n<a href=\"http:\/\/aujourdhui.ma\/economie\/le-10e-festival-timizart-dargent-du-18-au-22-juillet-a-tiznit\">Cliquez ici pour lire l&rsquo;article depuis sa source.<\/a><\/p>\n","protected":false},"excerpt":{"rendered":"<p>Sous le signe \u00abL\u2019orf\u00e8vrerie d\u2019argent : Identit\u00e9, cr\u00e9ativit\u00e9 et d\u00e9veloppement\u00bb L\u2019association Timizart organise, du 18 au 22 juillet \u00e0 Tiznit, la dixi\u00e8me \u00e9dition du Festival \u00abTimizart\u00bb d\u2019argent sous le signe \u00abL\u2019orf\u00e8vrerie d\u2019argent: identit\u00e9, cr\u00e9ativit\u00e9 et d\u00e9veloppement\u00bb. Un communiqu\u00e9 de l\u2019Association indique que cette \u00e9dition c\u00e9l\u00e8bre dix ans d\u2019efforts inlassables et d\u2019initiatives efficaces au service de [&hellip;]<\/p>\n","protected":false},"author":1759,"featured_media":0,"comment_status":"closed","ping_status":"closed","sticky":false,"template":"","format":"standard","meta":{"fifu_image_url":"","fifu_image_alt":"","footnotes":""},"categories":[73,54],"tags":[],"class_list":["post-46971","post","type-post","status-publish","format-standard","hentry","category-actualite","category-maroc"],"_links":{"self":[{"href":"https:\/\/linitiative.ca\/International\/wp-json\/wp\/v2\/posts\/46971","targetHints":{"allow":["GET"]}}],"collection":[{"href":"https:\/\/linitiative.ca\/International\/wp-json\/wp\/v2\/posts"}],"about":[{"href":"https:\/\/linitiative.ca\/International\/wp-json\/wp\/v2\/types\/post"}],"author":[{"embeddable":true,"href":"https:\/\/linitiative.ca\/International\/wp-json\/wp\/v2\/users\/1759"}],"replies":[{"embeddable":true,"href":"https:\/\/linitiative.ca\/International\/wp-json\/wp\/v2\/comments?post=46971"}],"version-history":[{"count":0,"href":"https:\/\/linitiative.ca\/International\/wp-json\/wp\/v2\/posts\/46971\/revisions"}],"wp:attachment":[{"href":"https:\/\/linitiative.ca\/International\/wp-json\/wp\/v2\/media?parent=46971"}],"wp:term":[{"taxonomy":"category","embeddable":true,"href":"https:\/\/linitiative.ca\/International\/wp-json\/wp\/v2\/categories?post=46971"},{"taxonomy":"post_tag","embeddable":true,"href":"https:\/\/linitiative.ca\/International\/wp-json\/wp\/v2\/tags?post=46971"}],"curies":[{"name":"wp","href":"https:\/\/api.w.org\/{rel}","templated":true}]}}