{"id":46974,"date":"2019-07-18T09:03:05","date_gmt":"2019-07-18T13:03:05","guid":{"rendered":"https:\/\/linitiative.ca\/International\/casablanca-12-ans-de-prison-pour-avoir-tue-son-compagnon-de-beuverie\/"},"modified":"2019-07-18T09:03:05","modified_gmt":"2019-07-18T13:03:05","slug":"casablanca-12-ans-de-prison-pour-avoir-tue-son-compagnon-de-beuverie","status":"publish","type":"post","link":"https:\/\/linitiative.ca\/International\/casablanca-12-ans-de-prison-pour-avoir-tue-son-compagnon-de-beuverie\/","title":{"rendered":"Casablanca : 12 ans de prison pour avoir tu\u00e9 son compagnon de beuverie"},"content":{"rendered":"<p><img decoding=\"async\" class=\"post_layout_5_img\" src=\"http:\/\/aujourdhui.ma\/wp-content\/uploads\/2019\/07\/Alcool.jpg?x29840\" alt=\"Casablanca : 12 ans de prison pour avoir tu\u00e9 son compagnon de beuverie\"\/><\/p>\n<p class=\"p1\"><span class=\"s1 c4\"><strong>Leurs amis qui \u00e9taient en leur compagnie arrivent \u00e0 les convaincre de se calmer. Mais, d\u00e8s qu\u2019ils sont partis, les deux antagonistes reprennent leur bagarre.<\/strong><\/span><span id=\"more-315359\"\/><\/p>\n<p class=\"p1\"><span class=\"s1\">Nous sommes \u00e0 la chambre criminelle pr\u00e8s la Cour d\u2019appel de Casablanca. Au box des accus\u00e9s se tient un jeune homme de vingt-sept ans. Il a un meurtre sur le dos. D\u00e8s le d\u00e9but de son interrogatoire, il avoue avoir frapp\u00e9 le d\u00e9funt, mais pas dans l\u2019intention de le tuer.<\/span><\/p>\n<p class=\"p1\"><span class=\"s1\">Le pr\u00e9sident de la Cour lui explique qu\u2019il est bel et bien poursuivi pour coups et blessures ayant entra\u00een\u00e9 la mort sans l\u2019intention de la donner et non pour homicide volontaire tout en lui pr\u00e9cisant que la Cour doit conna\u00eetre tous les d\u00e9tails de l\u2019affaire afin de prononcer un jugement \u00e9quitable. Certes, le mis en cause qui semble \u00eatre un repris de justice puisqu\u2019il avait purg\u00e9 une peine d\u2019emprisonnement ferme de trois mois pour trafic de drogue, donne sa version des faits. <\/span><\/p>\n<p class=\"p1\"><span class=\"s1\"><em>\u00abNous sommes des Ouled Derb, mais pas des amis\u00bb,<\/em> d\u00e9clare-t-il tout en pr\u00e9cisant qu\u2019ils se so\u00fblaient ensemble de temps en temps mais toujours en pr\u00e9sence de leurs jeunes voisins. <em>\u00abJe ne sais pas ce qui lui est arriv\u00e9 pour qu\u2019il m\u2019insulte. Il m\u2019a trait\u00e9 d\u2019homo parce que je ne voulais pas lui donner un joint\u00bb,<\/em> explique-t-il \u00e0 la Cour. Les insultes fusent, puis les \u00e9changes des coups. Leurs amis qui \u00e9taient en leur compagnie arrivent \u00e0 les convaincre de se calmer.<\/span><\/p>\n<p class=\"p1\"><span class=\"s1\">Mais, d\u00e8s qu\u2019ils sont partis, les deux antagonistes reprennent leur bagarre. D\u2019un coup \u00e0 l\u2019autre, la victime saisit un couteau pour tenter de donner un coup \u00e0 son adversaire. Toutefois, ce dernier arrive \u00e0 le lui arracher. Sans piti\u00e9, il lui a ass\u00e8ne un coup au niveau de la poitrine. La victime perd connaissance avant de pousser le dernier soupir. L\u2019auteur du crime reste sur la sc\u00e8ne du crime jusqu\u2019\u00e0 l\u2019arriv\u00e9e de la police.<\/span><\/p>\n<p class=\"p1\"><span class=\"s1\">Verdict : 12 ans de r\u00e9clusion criminelle.<\/span><\/p>\n<p>Auteur: Abderrafii ALOUMLIKI<br \/>\n<a href=\"http:\/\/aujourdhui.ma\/faits-divers\/casablanca-12-ans-de-prison-pour-avoir-tue-son-compagnon-de-beuverie\">Cliquez ici pour lire l&rsquo;article depuis sa source.<\/a><\/p>\n","protected":false},"excerpt":{"rendered":"<p>Leurs amis qui \u00e9taient en leur compagnie arrivent \u00e0 les convaincre de se calmer. Mais, d\u00e8s qu\u2019ils sont partis, les deux antagonistes reprennent leur bagarre. Nous sommes \u00e0 la chambre criminelle pr\u00e8s la Cour d\u2019appel de Casablanca. Au box des accus\u00e9s se tient un jeune homme de vingt-sept ans. Il a un meurtre sur le [&hellip;]<\/p>\n","protected":false},"author":1759,"featured_media":0,"comment_status":"closed","ping_status":"closed","sticky":false,"template":"","format":"standard","meta":{"fifu_image_url":"","fifu_image_alt":"","footnotes":""},"categories":[73,54],"tags":[],"class_list":["post-46974","post","type-post","status-publish","format-standard","hentry","category-actualite","category-maroc"],"_links":{"self":[{"href":"https:\/\/linitiative.ca\/International\/wp-json\/wp\/v2\/posts\/46974","targetHints":{"allow":["GET"]}}],"collection":[{"href":"https:\/\/linitiative.ca\/International\/wp-json\/wp\/v2\/posts"}],"about":[{"href":"https:\/\/linitiative.ca\/International\/wp-json\/wp\/v2\/types\/post"}],"author":[{"embeddable":true,"href":"https:\/\/linitiative.ca\/International\/wp-json\/wp\/v2\/users\/1759"}],"replies":[{"embeddable":true,"href":"https:\/\/linitiative.ca\/International\/wp-json\/wp\/v2\/comments?post=46974"}],"version-history":[{"count":0,"href":"https:\/\/linitiative.ca\/International\/wp-json\/wp\/v2\/posts\/46974\/revisions"}],"wp:attachment":[{"href":"https:\/\/linitiative.ca\/International\/wp-json\/wp\/v2\/media?parent=46974"}],"wp:term":[{"taxonomy":"category","embeddable":true,"href":"https:\/\/linitiative.ca\/International\/wp-json\/wp\/v2\/categories?post=46974"},{"taxonomy":"post_tag","embeddable":true,"href":"https:\/\/linitiative.ca\/International\/wp-json\/wp\/v2\/tags?post=46974"}],"curies":[{"name":"wp","href":"https:\/\/api.w.org\/{rel}","templated":true}]}}