{"id":46975,"date":"2019-07-18T10:00:35","date_gmt":"2019-07-18T14:00:35","guid":{"rendered":"https:\/\/linitiative.ca\/International\/ecomondo-et-key-energy-le-maroc-la-tunisie-et-legypte-au-coeur-des-salons-italiens\/"},"modified":"2019-07-18T10:00:35","modified_gmt":"2019-07-18T14:00:35","slug":"ecomondo-et-key-energy-le-maroc-la-tunisie-et-legypte-au-coeur-des-salons-italiens","status":"publish","type":"post","link":"https:\/\/linitiative.ca\/International\/ecomondo-et-key-energy-le-maroc-la-tunisie-et-legypte-au-coeur-des-salons-italiens\/","title":{"rendered":"Ecomondo et Key Energy : Le Maroc, la Tunisie et l\u2019\u00c9gypte au c\u0153ur des salons italiens"},"content":{"rendered":"<p><img decoding=\"async\" class=\"post_layout_5_img\" src=\"http:\/\/aujourdhui.ma\/wp-content\/uploads\/2019\/07\/Ecomondo-et-Key-Energy.jpg?x29840\" alt=\"Ecomondo et Key Energy : Le Maroc, la Tunisie et l\u2019\u00c9gypte au c\u0153ur des salons italiens\"\/><\/p>\n<p class=\"p1\"><span class=\"s1\"><span class=\"c4\"><strong>L\u2019Afrique du Nord sera \u00e0 l\u2019honneur \u00e0 Ecomondo et Key Energy. Ces deux \u00e9v\u00e9nements pr\u00e9vus du 5 au 8 novembre prochain porteront un int\u00e9r\u00eat particulier \u00e0 trois pays de cette zone g\u00e9ographique.<\/strong><\/span><\/span> <span id=\"more-315304\"\/><\/p>\n<p class=\"p1\"><span class=\"s1\">Il s\u2019agit en effet du Maroc, de la Tunisie et de l\u2019\u00c9gypte. \u00ab<em>Mer M\u00e9diterran\u00e9e, \u00c9conomie bleue, Industrie 4.0 font partie des th\u00e8mes au c\u0153ur des axes de travail et d\u2019approfondissement sur l\u2019Afrique du Nord lors de la multitude d\u2019\u00e9v\u00e9nements programm\u00e9s \u00e0 Ecomondo (23e \u00e9dition) et Key Energy (13e \u00e9dition)<\/em>\u00bb, rel\u00e8ve-t-on d\u2019Italian Exhibition Group (IEG), organisateur de ces deux salons sp\u00e9cialis\u00e9s dans les secteurs de l\u2019\u00e9conomie verte, des \u00e9nergies renouvelables et des solutions pour l\u2019efficacit\u00e9 \u00e9nerg\u00e9tique et les villes intelligentes. \u00ab<em>Gr\u00e2ce au soutien de comit\u00e9s scientifiques renomm\u00e9s pr\u00e9sid\u00e9s par le Professeur Fabio Fava (Ecomondo) et Gianni Silvestrini (ing\u00e9nieur, Key Energy) qui font partie des plus grands sp\u00e9cialistes de ces disciplines respectives en Italie et \u00e0 l\u2019\u00e9tranger, les deux salons sont un v\u00e9ritable vivier d\u2019innovations pour les entreprises\u00bb,<\/em> expliquent les organisateurs.<\/span><\/p>\n<p class=\"p1\"><span class=\"s1\">Un meeting Italie-\u00c9gypte est pr\u00e9vu dans le cadre d\u2019Ecomondo 2019. Cette rencontre organis\u00e9e en partenariat avec l\u2019ambassade d\u2019Italie au Caire portera sur le d\u00e9veloppement durable et les technologies vertes.<\/span><\/p>\n<p class=\"p1\"><span class=\"s1\">Au programme \u00e9galement une session de rencontres, s\u00e9minaires, congr\u00e8s sur le traitement de l\u2019eau, les d\u00e9chets et la mobilit\u00e9 marquant ainsi la deuxi\u00e8me \u00e9tape du Business Forum d\u2019Ecomondo dont l\u2019\u00e9dition de l\u2019ann\u00e9e derni\u00e8re en \u00c9gypte a connu un grand succ\u00e8s. Par ailleurs, Key Energy s\u2019ouvrira sur un \u00e9v\u00e9nement d\u2019envergure internationale ax\u00e9 sur les \u00e9nergies renouvelables et l\u2019\u00e9volution de la mobilit\u00e9 \u00e9lectrique durable. De m\u00eame, le Res4Africa&#038;Res4Med tiendra pour sa part un atelier sur l\u2019internationalisation du secteur italien des \u00e9nergies renouvelables pour favoriser les investissements en Afrique.<\/span><\/p>\n<p class=\"p1\"><span class=\"s1\">Cet atelier illustrera les perspectives et investissements en Afrique pour les entreprises priv\u00e9es qui op\u00e8rent dans le secteur. L\u2019\u00e9v\u00e9nement portera sur l\u2019approche int\u00e9gr\u00e9e au d\u00e9veloppement en Afrique dans les secteurs de l\u2019\u00e9nergie, l\u2019eau et les aliments, ainsi que sur les nouveaux instruments financiers pour acc\u00e9l\u00e9rer l\u2019investissement du secteur des \u00e9nergies renouvelables en Afrique. Parmi les temps forts de l\u2019\u00e9v\u00e9nement la tenue du congr\u00e8s organis\u00e9 par Wind Europe Association, l\u2019association de l\u2019\u00e9nergie \u00e9olienne en Europe.<\/span><\/p>\n<p class=\"p1\"><span class=\"s1\">Plus de 400 membres actifs<span class=\"Apple-converted-space\">\u00a0<\/span> dans plus de 35 pays sont attendus \u00e0 ce conclave pour d\u00e9battre des th\u00e8mes li\u00e9s \u00e0 la proposition de plan national int\u00e9gr\u00e9 pour l\u2019\u00e9nergie et le climat au niveau europ\u00e9en ainsi qu\u2019au d\u00e9veloppement du secteur \u00e9olien.<\/span><\/p>\n<p>Auteur: ALM<br \/>\n<a href=\"http:\/\/aujourdhui.ma\/economie\/ecomondo-et-key-energy-le-maroc-la-tunisie-et-legypte-au-coeur-des-salons-italiens\">Cliquez ici pour lire l&rsquo;article depuis sa source.<\/a><\/p>\n","protected":false},"excerpt":{"rendered":"<p>L\u2019Afrique du Nord sera \u00e0 l\u2019honneur \u00e0 Ecomondo et Key Energy. Ces deux \u00e9v\u00e9nements pr\u00e9vus du 5 au 8 novembre prochain porteront un int\u00e9r\u00eat particulier \u00e0 trois pays de cette zone g\u00e9ographique. Il s\u2019agit en effet du Maroc, de la Tunisie et de l\u2019\u00c9gypte. \u00abMer M\u00e9diterran\u00e9e, \u00c9conomie bleue, Industrie 4.0 font partie des th\u00e8mes au [&hellip;]<\/p>\n","protected":false},"author":1759,"featured_media":0,"comment_status":"closed","ping_status":"closed","sticky":false,"template":"","format":"standard","meta":{"fifu_image_url":"","fifu_image_alt":"","footnotes":""},"categories":[73,54],"tags":[],"class_list":["post-46975","post","type-post","status-publish","format-standard","hentry","category-actualite","category-maroc"],"_links":{"self":[{"href":"https:\/\/linitiative.ca\/International\/wp-json\/wp\/v2\/posts\/46975","targetHints":{"allow":["GET"]}}],"collection":[{"href":"https:\/\/linitiative.ca\/International\/wp-json\/wp\/v2\/posts"}],"about":[{"href":"https:\/\/linitiative.ca\/International\/wp-json\/wp\/v2\/types\/post"}],"author":[{"embeddable":true,"href":"https:\/\/linitiative.ca\/International\/wp-json\/wp\/v2\/users\/1759"}],"replies":[{"embeddable":true,"href":"https:\/\/linitiative.ca\/International\/wp-json\/wp\/v2\/comments?post=46975"}],"version-history":[{"count":0,"href":"https:\/\/linitiative.ca\/International\/wp-json\/wp\/v2\/posts\/46975\/revisions"}],"wp:attachment":[{"href":"https:\/\/linitiative.ca\/International\/wp-json\/wp\/v2\/media?parent=46975"}],"wp:term":[{"taxonomy":"category","embeddable":true,"href":"https:\/\/linitiative.ca\/International\/wp-json\/wp\/v2\/categories?post=46975"},{"taxonomy":"post_tag","embeddable":true,"href":"https:\/\/linitiative.ca\/International\/wp-json\/wp\/v2\/tags?post=46975"}],"curies":[{"name":"wp","href":"https:\/\/api.w.org\/{rel}","templated":true}]}}