{"id":46977,"date":"2019-07-18T10:50:26","date_gmt":"2019-07-18T14:50:26","guid":{"rendered":"https:\/\/linitiative.ca\/International\/smap-expo-milano-2019-promeut-la-region-beni-mellal-khenifra\/"},"modified":"2019-07-18T10:50:26","modified_gmt":"2019-07-18T14:50:26","slug":"smap-expo-milano-2019-promeut-la-region-beni-mellal-khenifra","status":"publish","type":"post","link":"https:\/\/linitiative.ca\/International\/smap-expo-milano-2019-promeut-la-region-beni-mellal-khenifra\/","title":{"rendered":"\u00abSmap Expo Milano 2019\u00bb promeut la r\u00e9gion B\u00e9ni Mellal-Kh\u00e9nifra"},"content":{"rendered":"<p><img decoding=\"async\" class=\"post_layout_5_img\" src=\"http:\/\/aujourdhui.ma\/wp-content\/uploads\/2018\/05\/SMAP-Samir-El-Chammah.jpg?x29840\" alt=\"\u00abSmap Expo Milano 2019\u00bb promeut la r\u00e9gion B\u00e9ni Mellal-Kh\u00e9nifra\"\/><\/p>\n<p class=\"p1\"><span class=\"s1 c5\"><span class=\"c4\"><strong>La 4\u00e8me \u00e9dition du Salon de l\u2019immobilier marocain \u00abSmap Expo\u00bb, pr\u00e9vue du 1er au 3 novembre prochain \u00e0 Milan, ambitionne de promouvoir les opportunit\u00e9s d\u2019investissement au Maroc et de consolider l\u2019attractivit\u00e9 de la r\u00e9gion B\u00e9ni Mellal-Kh\u00e9nifra en la mati\u00e8re, a indiqu\u00e9 le pr\u00e9sident ex\u00e9cutif du SMAP Group, Samir El Chammah.<\/strong><\/span><\/span> <span id=\"more-315302\"\/><\/p>\n<p class=\"p1\"><span class=\"s1\">Intervenant lors d\u2019une conf\u00e9rence de presse, mardi \u00e0 Beni Mellal, M. El Chammah a affirm\u00e9 que ce salon vise \u00e9galement \u00e0 renforcer la contribution des Marocains r\u00e9sidant \u00e0 l\u2019\u00e9tranger \u00e0 la dynamique immobili\u00e8re et \u00e9conomique de la r\u00e9gion de B\u00e9ni Mellal-Kh\u00e9nifra, notamment ceux \u00e9tablis \u00e0 Milan, qui compte environ 650.000 Marocains. Il a \u00e9galement soulign\u00e9 que cet \u00e9v\u00e9nement, d\u00e9di\u00e9 \u00e0 l\u2019immobilier et \u00e0 l\u2019art de vivre, pr\u00e9voit des soir\u00e9es, conf\u00e9rences, rencontres et entretiens permettant aux visiteurs de s\u2019informer de l\u2019environnement \u00e9conomique et de la l\u00e9gislation r\u00e9gissant le domaine immobilier au Maroc.<\/span><\/p>\n<p class=\"p1\"><span class=\"s1\">L\u2019exposition entend aussi \u00e9tablir des ponts de communication entre la communaut\u00e9 marocaine \u00e0 Milan, dont la plupart sont originaires de la r\u00e9gion de B\u00e9ni Mellal-Kh\u00e9nifra et les promoteurs immobiliers, les investisseurs et experts de l\u2019immobilier au Maroc et en Italie, a-t-il insist\u00e9.<\/span><\/p>\n<p class=\"p1\"><span class=\"s1\">De son c\u00f4t\u00e9, le vice-pr\u00e9sident de la r\u00e9gion B\u00e9ni Mellal-Kh\u00e9nifra, Rachid Chafik, a relev\u00e9 que le choix de la r\u00e9gion comme invit\u00e9 d\u2019honneur du Salon Smap Expo, organis\u00e9 sous l\u2019\u00e9gide du minist\u00e8re de l\u2019am\u00e9nagement du territoire national, de l\u2019urbanisme, de l\u2019habitat et de la politique de la ville, en collaboration avec la F\u00e9d\u00e9ration nationale des promoteurs immobiliers, a \u00e9t\u00e9 dict\u00e9 par le positionnement g\u00e9ographique strat\u00e9gique de la r\u00e9gion et ses potentialit\u00e9s \u00e9conomiques et touristiques. Le Salon de Milan, qui pr\u00e9voit environ 40.000 visiteurs, permettra de promouvoir le rayonnement \u00e9conomique, touristique et culturel de B\u00e9ni Mellal-Kh\u00e9nifra et constituera une occasion pour encourager les investisseurs, notamment les MRE, \u00e0 adh\u00e9rer \u00e0 la dynamique de d\u00e9veloppement que conna\u00eet la r\u00e9gion, a-t-il ajout\u00e9.<\/span><\/p>\n<p>Auteur: ALM<br \/>\n<a href=\"http:\/\/aujourdhui.ma\/economie\/immobilier\/smap-expo-milano-2019-promeut-la-region-beni-mellal-khenifra\">Cliquez ici pour lire l&rsquo;article depuis sa source.<\/a><\/p>\n","protected":false},"excerpt":{"rendered":"<p>La 4\u00e8me \u00e9dition du Salon de l\u2019immobilier marocain \u00abSmap Expo\u00bb, pr\u00e9vue du 1er au 3 novembre prochain \u00e0 Milan, ambitionne de promouvoir les opportunit\u00e9s d\u2019investissement au Maroc et de consolider l\u2019attractivit\u00e9 de la r\u00e9gion B\u00e9ni Mellal-Kh\u00e9nifra en la mati\u00e8re, a indiqu\u00e9 le pr\u00e9sident ex\u00e9cutif du SMAP Group, Samir El Chammah. Intervenant lors d\u2019une conf\u00e9rence de [&hellip;]<\/p>\n","protected":false},"author":1759,"featured_media":0,"comment_status":"closed","ping_status":"closed","sticky":false,"template":"","format":"standard","meta":{"fifu_image_url":"","fifu_image_alt":"","footnotes":""},"categories":[73,54],"tags":[],"class_list":["post-46977","post","type-post","status-publish","format-standard","hentry","category-actualite","category-maroc"],"_links":{"self":[{"href":"https:\/\/linitiative.ca\/International\/wp-json\/wp\/v2\/posts\/46977","targetHints":{"allow":["GET"]}}],"collection":[{"href":"https:\/\/linitiative.ca\/International\/wp-json\/wp\/v2\/posts"}],"about":[{"href":"https:\/\/linitiative.ca\/International\/wp-json\/wp\/v2\/types\/post"}],"author":[{"embeddable":true,"href":"https:\/\/linitiative.ca\/International\/wp-json\/wp\/v2\/users\/1759"}],"replies":[{"embeddable":true,"href":"https:\/\/linitiative.ca\/International\/wp-json\/wp\/v2\/comments?post=46977"}],"version-history":[{"count":0,"href":"https:\/\/linitiative.ca\/International\/wp-json\/wp\/v2\/posts\/46977\/revisions"}],"wp:attachment":[{"href":"https:\/\/linitiative.ca\/International\/wp-json\/wp\/v2\/media?parent=46977"}],"wp:term":[{"taxonomy":"category","embeddable":true,"href":"https:\/\/linitiative.ca\/International\/wp-json\/wp\/v2\/categories?post=46977"},{"taxonomy":"post_tag","embeddable":true,"href":"https:\/\/linitiative.ca\/International\/wp-json\/wp\/v2\/tags?post=46977"}],"curies":[{"name":"wp","href":"https:\/\/api.w.org\/{rel}","templated":true}]}}