{"id":46980,"date":"2019-07-18T07:04:48","date_gmt":"2019-07-18T11:04:48","guid":{"rendered":"https:\/\/linitiative.ca\/International\/mission-de-manager-ardeur-de-lentreprise\/"},"modified":"2019-07-18T07:04:48","modified_gmt":"2019-07-18T11:04:48","slug":"mission-de-manager-ardeur-de-lentreprise","status":"publish","type":"post","link":"https:\/\/linitiative.ca\/International\/mission-de-manager-ardeur-de-lentreprise\/","title":{"rendered":"Mission de manager: ardeur de l\u2019entreprise"},"content":{"rendered":"<p class=\"c4\"><span class=\"c3\"><strong>\u00ab<\/strong><strong><span class=\"c2\">C<\/span>hacun peut se mettre \u00e0 l\u2019\u00e9coute de lui-m\u00eame pour trouver sa propre mission de vie. Car chacun d\u2019entre nous a une contribution unique et vivante \u00e0 apporter au monde<\/strong>\u00bb.<\/span><\/p>\n<p class=\"c4\">La revue Management a publi\u00e9 dans son nouveau num\u00e9ro, juillet-ao\u00fbt 2019, un article de Fr\u00e9d\u00e9ric Lenoir o\u00f9 il a soulev\u00e9 le sujet de R\u00e9conciliation des mondes de la spiritualit\u00e9 et de l\u2019entreprise en se basant sur \u00abl\u2019intelligence spirituelle au c\u0153ur du leadership\u00bb, ouvrage de Romain Cristofini, ce dernier \u00e9tait ambitieux d\u2019y faire connaitre une nouvelle forme de leadership: humain, spirituel, altruiste et engag\u00e9.<\/p>\n<p class=\"c4\">L\u2019auteur a r\u00e9v\u00e9l\u00e9 que certains humains naissent avec une vocation, une image claire, une impulsion irr\u00e9sistible venant de leur \u00eatre et qui les guide d\u00e8s le plus jeune \u00e2ge dans leurs choix de vie ou de m\u00e9tier. Comme s\u2019il existait pour eux une forme d\u2019\u00e9vidence sur le r\u00f4le qu\u2019ils sont appel\u00e9s \u00e0 jouer dans ce monde. On serait tent\u00e9 de penser que cet appel int\u00e9rieur n\u2019est r\u00e9serv\u00e9 qu\u2019\u00e0 certains grands hommes aux destins exceptionnels ou \u00e0 certains m\u00e9tiers reconnus comme vocationnels (avocat, infirmi\u00e8re, artiste\u2026), mais il n\u2019en est rien\u00a0: chacun peut se mettre \u00e0 l\u2019\u00e9coute de lui-m\u00eame pour trouver sa propre mission de vie. Car chacun d\u2019entre nous a une contribution unique et vivante \u00e0 apporter au monde.<\/p>\n<p class=\"c4\">La notion de mission de vie est apparue dans les formations du d\u00e9veloppement personnel, pour aider un manager \u00e0 formuler ses ambitions les plus \u00e9lev\u00e9es, or la grande majorit\u00e9 des d\u00e9cideurs d\u2019entreprise en ignore tout simplement le concept, si vous leur demandez quelle est leur mission, ils citeront la plupart du temps celle de leur entreprise ou de leur service. Mais qu\u2019en est-il pour la question\u00a0: au service de quoi d\u2019essentiel pour vous mettez-vous vos qualit\u00e9s et vos talents\u00a0?<\/p>\n<p class=\"c4\">L\u2019auteur a soulign\u00e9 d\u2019une mani\u00e8re r\u00e9sum\u00e9e et pragmatique, que votre mission, c\u2019est le grand \u00abpour quoi\u00bb (en deux mots) vous faites ce que vous faites. Ce n\u2019est pas le \u00abquoi\u00bb (votre m\u00e9tier, vos t\u00e2ches, vos projets), ni le comment (vos comp\u00e9tences, votre savoir-faire, votre savoir-\u00eatre), c\u2019est au-del\u00e0 de votre m\u00e9tier, c\u2019est votre intention la plus haute, celle qui guide votre existence malgr\u00e9 les al\u00e9as de la vie et qui vous correspond intimement. C\u2019est elle qui donnera sens et coh\u00e9rence \u00e0 tout ou partie de votre existence. C\u2019est aussi peut-\u00eatre gr\u00e2ce \u00e0 elle que vous pourrez laisser une trace de votre passage ici-bas.<\/p>\n<p class=\"c4\">Il a d\u00e9velopp\u00e9 davantage qu\u2019une mission de vie n\u2019est donc pas un projet concret \u00e0 mener ni un r\u00e9sultat \u00e0 atteindre. C\u2019est une direction \u00e0 suivre, sa boussole int\u00e9rieure, un chemin enthousiasmant dans lequel peuvent s\u2019inscrire vos petites comme vos grandes actions. C\u2019est un \u00abnoble but\u00bb par nature inatteignable car il est destin\u00e9 \u00e0 vous servir d\u2019horizon passionnant, rep\u00e8re permanent (mais pas n\u00e9cessairement inchangeable ) pour vous guider malgr\u00e9 les obstacles et les incertitudes que vous rencontrerez sur ce chemin, bref, une mission de vie nous invite \u00e0 nous mettre au service de quelque chose de beau et de grand, elle nous affranchit des fronti\u00e8res de notre \u00abpetit moi\u00bb pour nous relier au monde lointain. On sait que l\u2019on est dans sa mission lorsque la vivre nous procure des moments de joie authentique et profonde.<\/p>\n<p class=\"c4\">Au terme de notre r\u00e9flexion, s\u2019autoriser \u00e0 suivre sa mission vous am\u00e8nera peut \u00eatre \u00e0 inviter la magie et le souffle de l\u2019aventure dans votre vie professionnelle, ainsi raviver sa flamme et lui rendre sa vivacit\u00e9, elle vous am\u00e8nera \u00e0 toucher votre message, but existentiel et marquer votre temps, c\u2019est l\u2019\u00e9clat de la vie et son ardeur.<\/p>\n<p class=\"c5\"><strong>Safa Elachhab<\/strong><\/p>\n<p>Auteur: M&rsquo;hammed rahal<br \/>\n<a href=\"http:\/\/albayane.press.ma\/mission-de-manager-ardeur-de-lentreprise.html\">Cliquez ici pour lire l&rsquo;article depuis sa source.<\/a><\/p>\n","protected":false},"excerpt":{"rendered":"<p>\u00abChacun peut se mettre \u00e0 l\u2019\u00e9coute de lui-m\u00eame pour trouver sa propre mission de vie. Car chacun d\u2019entre nous a une contribution unique et vivante \u00e0 apporter au monde\u00bb. La revue Management a publi\u00e9 dans son nouveau num\u00e9ro, juillet-ao\u00fbt 2019, un article de Fr\u00e9d\u00e9ric Lenoir o\u00f9 il a soulev\u00e9 le sujet de R\u00e9conciliation des mondes [&hellip;]<\/p>\n","protected":false},"author":1760,"featured_media":0,"comment_status":"closed","ping_status":"closed","sticky":false,"template":"","format":"standard","meta":{"fifu_image_url":"","fifu_image_alt":"","footnotes":""},"categories":[73,54],"tags":[],"class_list":["post-46980","post","type-post","status-publish","format-standard","hentry","category-actualite","category-maroc"],"_links":{"self":[{"href":"https:\/\/linitiative.ca\/International\/wp-json\/wp\/v2\/posts\/46980","targetHints":{"allow":["GET"]}}],"collection":[{"href":"https:\/\/linitiative.ca\/International\/wp-json\/wp\/v2\/posts"}],"about":[{"href":"https:\/\/linitiative.ca\/International\/wp-json\/wp\/v2\/types\/post"}],"author":[{"embeddable":true,"href":"https:\/\/linitiative.ca\/International\/wp-json\/wp\/v2\/users\/1760"}],"replies":[{"embeddable":true,"href":"https:\/\/linitiative.ca\/International\/wp-json\/wp\/v2\/comments?post=46980"}],"version-history":[{"count":0,"href":"https:\/\/linitiative.ca\/International\/wp-json\/wp\/v2\/posts\/46980\/revisions"}],"wp:attachment":[{"href":"https:\/\/linitiative.ca\/International\/wp-json\/wp\/v2\/media?parent=46980"}],"wp:term":[{"taxonomy":"category","embeddable":true,"href":"https:\/\/linitiative.ca\/International\/wp-json\/wp\/v2\/categories?post=46980"},{"taxonomy":"post_tag","embeddable":true,"href":"https:\/\/linitiative.ca\/International\/wp-json\/wp\/v2\/tags?post=46980"}],"curies":[{"name":"wp","href":"https:\/\/api.w.org\/{rel}","templated":true}]}}