{"id":46983,"date":"2019-07-18T07:57:37","date_gmt":"2019-07-18T11:57:37","guid":{"rendered":"https:\/\/linitiative.ca\/International\/le-pps-rend-hommage-a-khalid-naciri\/"},"modified":"2019-07-18T07:57:37","modified_gmt":"2019-07-18T11:57:37","slug":"le-pps-rend-hommage-a-khalid-naciri","status":"publish","type":"post","link":"https:\/\/linitiative.ca\/International\/le-pps-rend-hommage-a-khalid-naciri\/","title":{"rendered":"Le PPS rend hommage \u00e0 Khalid Naciri"},"content":{"rendered":"<p class=\"c4\"><span class=\"c3\"><strong><span class=\"c2\"><img loading=\"lazy\" decoding=\"async\" class=\"size-medium wp-image-80127 alignright\" src=\"http:\/\/albayane.press.ma\/wp-content\/uploads\/%D8%AD%D9%81%D9%84-%D8%AA%D9%88%D8%AF%D9%8A%D8%B9-%D8%A7%D9%84%D8%B1%D9%81%D9%8A%D9%82-%D8%AE%D8%A7%D9%84%D8%AF-%D8%A7%D9%84%D9%86%D8%A7%D8%B5%D8%B1%D9%8A-1-230x130.jpg\" alt=\"\" width=\"230\" height=\"130\"\/>L<\/span>e Parti du progr\u00e8s et du socialisme a rendu, mardi apr\u00e8s-midi \u00e0 son si\u00e8ge national de Rabat, un vibrant hommage \u00e0 Khalid Naciri, \u00e0 la veille de son d\u00e9part pour Amman o\u00f9 SM le Roi l\u2019a nomm\u00e9 ambassadeur.<\/strong><\/span><\/p>\n<p class=\"c4\">Une pl\u00e9iade de compagnons de route et amis du militant, ont tenu \u00e0 \u00eatre pr\u00e9sent \u00e0 cette c\u00e9r\u00e9monie en son honneur. Et, toute une vie \u00e0 rebours repasse, pour chacun et pour tous ceux qui l\u2019avaient c\u00f4toy\u00e9 \u00e0 un moment ou un autre de ces actions, depuis les longues ann\u00e9es du militantisme, au sein de l\u2019Union nationale des \u00e9tudiants du Maroc (UNEM), aussi bien \u00e0 Casablanca qu\u2019\u00e0 Paris, jusqu\u2019\u00e0 on passage au gouvernement au d\u00e9partement de la Communication et porte-parole du gouvernement. En passant par les nombreuses \u00e9tapes militantes au sein de son parti (du PLS au PPS), \u00e0 Casablanca et \u00e0 Rabat, o\u00f9 il a gravi tous les \u00e9chelons de la responsabilit\u00e9 militante (membre du Bureau politique depuis 1995) mais aussi au sein de la soci\u00e9t\u00e9\u00a0 civile, en tant que membre fondateur de l\u2019Organisation marocaine des droits de l\u2019homme (OMDH), dont il a assur\u00e9 la pr\u00e9sidence au d\u00e9but des ann\u00e9es 1990.<\/p>\n<p class=\"c4\"><span class=\"c2\"><strong>Un homme de tous les combats<\/strong><\/span><\/p>\n<p class=\"c4\">Sa vie militante \u00e9tait \u00e9galement ponctu\u00e9e par un passage, dans une conjoncture particuli\u00e8re, en 1974, au journal du PLS qui deviendra le PPS, en tant que principal r\u00e9dacteur (le poste de r\u00e9dacteur en chef n\u2019existait pas) quand feu Ali Yata, SG du Parti \u00e9tait le directeur politique des journaux du parti.<\/p>\n<p class=\"c4\">A cela il faudra ajouter sa vie professionnelle d\u2019avocat. Il avait travaill\u00e9, dans la d\u00e9cennie 90 dans le Cabinet Benzakour-Lahbabi. Avant d\u2019\u00eatre nomm\u00e9 par feu Sa Majest\u00e9 Hassan II \u00e0 la t\u00eate de l\u2019Institut Sup\u00e9rieur de l\u2019Administration (ISA).<\/p>\n<p class=\"c4\">Ce sont, globalement, toutes ces \u00e9tapes de cette vie militante, pleine et d\u00e9vou\u00e9e, que le Secr\u00e9taire g\u00e9n\u00e9ral du PPS a mis en exergue, avec synth\u00e8se et de mani\u00e8re profonde.<\/p>\n<p class=\"c4\">Le secr\u00e9taire g\u00e9n\u00e9ral du PPS, Mohamed Nabil Benabdallah, a remerci\u00e9 \u00e0 cette occasion les camarades et les amis de Khalid Naciri, venus lui t\u00e9moigner leur fid\u00e9lit\u00e9, leur reconnaissance pour l\u2019apport inestimable qu\u2019il a assur\u00e9, \u00e0 c\u00f4t\u00e9 d\u2019autres camarades, au Parti notamment dans les grands tournants historiques et les moments de grandes difficult\u00e9s.<\/p>\n<p class=\"c4\"><span class=\"c2\"><strong>Un grand vide<\/strong><\/span><\/p>\n<p class=\"c4\">Benabdallah s\u2019arr\u00eatera sur toutes les tranches de vie de ce militant authentique, appel\u00e9 \u00e0 poursuivre, dans d\u2019autres conditions, les missions patriotiques et populaires pour lesquelles il a consacr\u00e9 toute sa vie.<\/p>\n<p class=\"c4\">Partout o\u00f9 il est pass\u00e9, \u00e9tudiant, enseignant, militant, dirigeant, Khalid Naciri a laiss\u00e9 des stigmates ind\u00e9l\u00e9biles, dira le dirigeant progressiste.\u00a0 Sa pr\u00e9sence, mais surtout sa disponibilit\u00e9 l\u00e9gendaire manqueront \u00e0 ses camarades et amis.<\/p>\n<p class=\"c4\">Larmes aux yeux, le SG du PPS a lou\u00e9 les comp\u00e9tences et les grandes valeurs du militant et du dirigeant, surtout lorsqu\u2019il va d\u00e9plorer le grand vide incommensurable que son absence, ici et l\u00e0, causera. La grande salle de r\u00e9union du Bureau politique, qui a retenu en m\u00e9moire cette pr\u00e9sence assidue et remarquable, traduira la nostalgie \u00e0 un penseur du Parti, qui l\u2019 a beaucoup marqu\u00e9.<\/p>\n<p class=\"c4\">A son tour, Isma\u00efl Alaoui a lou\u00e9 les actions et les qualit\u00e9s de Khalid Naciri, qu\u2019il a connu durant sa premi\u00e8re jeunesse. Un jeune aux cheveux afro et plein d\u2019enthousiasme, \u00e0 l\u2019image des militants de la fin des ann\u00e9es soixante du si\u00e8cle dernier.<\/p>\n<p class=\"c4\">Il soutiendra que Si Khalid accomplira ses missions patriotiques auxquelles il nous a habitu\u00e9s avec la m\u00eame ardeur et patience et que la distance ne saura r\u00e9duire ni effacer. Il dira, surtout, apr\u00e8s le mot de Nabil Benabdallah, qui ne lui laisse pas les mots \u00e0 utiliser pour dire son \u00e9motion.<\/p>\n<p class=\"c4\">Prenant la parole \u00e0 la fin de cette c\u00e9r\u00e9monie de th\u00e9, Khalid Naciri a remerci\u00e9 tous ses camarades pr\u00e9sents mais aussi ceux qui n\u2019ont pas pu faire le d\u00e9placement. Il dira qu\u2019\u00e0 4000 km d\u2019ici, il aura toujours le c\u0153ur et l\u2019esprit avec le Parti qui lui a donn\u00e9 vie et sens. Et que ce n\u2019est qu\u2019un aller-retour pour revenir aux sources.<\/p>\n<p class=\"c4\">C\u2019est dire toute la fid\u00e9lit\u00e9 d\u2019un homme \u00e0 ses convictions et ses engagements qu\u2019il a d\u00e9fendus, de mani\u00e8re intraitable mais avec beaucoup de g\u00e9nie et d\u2019humanisme.<\/p>\n<p class=\"c5\"><strong>Mohamed Khalil<\/strong><\/p>\n<p>Auteur: M&rsquo;hammed rahal<br \/>\n<a href=\"http:\/\/albayane.press.ma\/le-pps-rend-hommage-a-khalid-naciri.html\">Cliquez ici pour lire l&rsquo;article depuis sa source.<\/a><\/p>\n","protected":false},"excerpt":{"rendered":"<p>Le Parti du progr\u00e8s et du socialisme a rendu, mardi apr\u00e8s-midi \u00e0 son si\u00e8ge national de Rabat, un vibrant hommage \u00e0 Khalid Naciri, \u00e0 la veille de son d\u00e9part pour Amman o\u00f9 SM le Roi l\u2019a nomm\u00e9 ambassadeur. Une pl\u00e9iade de compagnons de route et amis du militant, ont tenu \u00e0 \u00eatre pr\u00e9sent \u00e0 cette [&hellip;]<\/p>\n","protected":false},"author":1760,"featured_media":46984,"comment_status":"closed","ping_status":"closed","sticky":false,"template":"","format":"standard","meta":{"fifu_image_url":"","fifu_image_alt":"","footnotes":""},"categories":[73,54],"tags":[],"class_list":["post-46983","post","type-post","status-publish","format-standard","has-post-thumbnail","hentry","category-actualite","category-maroc"],"_links":{"self":[{"href":"https:\/\/linitiative.ca\/International\/wp-json\/wp\/v2\/posts\/46983","targetHints":{"allow":["GET"]}}],"collection":[{"href":"https:\/\/linitiative.ca\/International\/wp-json\/wp\/v2\/posts"}],"about":[{"href":"https:\/\/linitiative.ca\/International\/wp-json\/wp\/v2\/types\/post"}],"author":[{"embeddable":true,"href":"https:\/\/linitiative.ca\/International\/wp-json\/wp\/v2\/users\/1760"}],"replies":[{"embeddable":true,"href":"https:\/\/linitiative.ca\/International\/wp-json\/wp\/v2\/comments?post=46983"}],"version-history":[{"count":0,"href":"https:\/\/linitiative.ca\/International\/wp-json\/wp\/v2\/posts\/46983\/revisions"}],"wp:featuredmedia":[{"embeddable":true,"href":"https:\/\/linitiative.ca\/International\/wp-json\/"}],"wp:attachment":[{"href":"https:\/\/linitiative.ca\/International\/wp-json\/wp\/v2\/media?parent=46983"}],"wp:term":[{"taxonomy":"category","embeddable":true,"href":"https:\/\/linitiative.ca\/International\/wp-json\/wp\/v2\/categories?post=46983"},{"taxonomy":"post_tag","embeddable":true,"href":"https:\/\/linitiative.ca\/International\/wp-json\/wp\/v2\/tags?post=46983"}],"curies":[{"name":"wp","href":"https:\/\/api.w.org\/{rel}","templated":true}]}}