{"id":46985,"date":"2019-07-18T12:34:02","date_gmt":"2019-07-18T16:34:02","guid":{"rendered":"https:\/\/linitiative.ca\/International\/durant-les-six-premiers-mois-2019-plus-de-1000-clandestins-tunisiens-arrives-en-italie-et-en-espagne\/"},"modified":"2019-07-18T12:34:02","modified_gmt":"2019-07-18T16:34:02","slug":"durant-les-six-premiers-mois-2019-plus-de-1000-clandestins-tunisiens-arrives-en-italie-et-en-espagne","status":"publish","type":"post","link":"https:\/\/linitiative.ca\/International\/durant-les-six-premiers-mois-2019-plus-de-1000-clandestins-tunisiens-arrives-en-italie-et-en-espagne\/","title":{"rendered":"Durant les six premiers mois 2019 :  Plus de 1000 clandestins tunisiens arriv\u00e9s en Italie et en Espagne"},"content":{"rendered":"<p>Un rapport r\u00e9alis\u00e9 par le Forum tunisien pour les droits \u00e9conomiques et sociaux (FTDES) sur la migration irr\u00e9guli\u00e8re au premier semestre de 2019 vient de r\u00e9v\u00e9ler qu\u2019environ 1019 Tunisiens sont arriv\u00e9s en Italie et en Espagne et 1008 migrants essentiellement des subsahariens et des Syriens sont arriv\u00e9s en Tunisie durant la m\u00eame p\u00e9riode.<\/p>\n<p>Pr\u00e9sent\u00e9 mardi \u00e0 Tunis, le rapport montre que la Tunisie occupe la premi\u00e8re place au niveau du nombre de migrants irr\u00e9guliers arriv\u00e9s en Italie avec un chiffre de 594 personnes suivie du Pakistan (426 migrants) et l\u2019Alg\u00e9rie (271 migrants).<\/p>\n<p>Intervenant \u00e0 cette occasion, Ala Talbi, directeur ex\u00e9cutif du FTDES a soulign\u00e9 le nombre de migrants irr\u00e9guliers arriv\u00e9s en Italie a connu une baisse en 2019 \u00e9tant donn\u00e9 qu\u2019il \u00e9tait de 3002 durant la m\u00eame p\u00e9riode de 2018.<\/p>\n<p>Dans ce contexte, il a pr\u00e9cis\u00e9 que 1266 op\u00e9rations de migration irr\u00e9guli\u00e8re par voie maritime ont \u00e9t\u00e9 d\u00e9jou\u00e9es durant le premier semestre de 2019.<\/p>\n<p>Il a, par ailleurs, ajout\u00e9 que le nombre de disparus au cours de cette m\u00eame p\u00e9riode est de 423 personnes rappelant que le nombre total des Tunisiens rapatri\u00e9s d\u2019Italie en 2018 \u00e9tait de 2323.<\/p>\n<p>S\u2019agissant des op\u00e9rations de franchissement ill\u00e9gal des fronti\u00e8res par voie terrestre, l\u2019intervenant a signal\u00e9 qu\u2019elles ont augment\u00e9 remarquablement atteignant 301 op\u00e9rations alors qu\u2019elles n\u2019\u00e9taient que 105 op\u00e9rations au premier semestre de 2018 et le nombre de migrants irr\u00e9guliers n\u2019a pas d\u00e9pass\u00e9 les 417 personnes.<\/p>\n<p class=\"dpsp-share-text\">Partager c&rsquo;est aimer!<\/p>\n<div class=\"wp-post-author-wrap wp-post-author-shortcode left\">\n<h3 class=\"awpa-title\"\/>\n<div class=\"wp-post-author\">\n<div class=\"awpa-img awpa-author-block square\"><a href=\"http:\/\/lexpertjournal.net\/fr\/author\/expert\/\"><img loading=\"lazy\" decoding=\"async\" alt=\"\" src=\"http:\/\/2.gravatar.com\/avatar\/56d99be2a6f97af88ccb49fada637fcd?s=150&#038;d=mm&#038;r=g\" srcset=\"http:\/\/2.gravatar.com\/avatar\/56d99be2a6f97af88ccb49fada637fcd?s=300&#038;d=mm&#038;r=g 2x\" class=\"avatar avatar-150 photo\" height=\"150\" width=\"150\"\/><\/a><\/div>\n<\/div>\n<\/div>\n<p>Auteur: L&rsquo;expert<br \/>\n<a href=\"http:\/\/lexpertjournal.net\/fr\/2019\/07\/17\/durant-les-six-premiers-mois-2019-plus-de-1000-clandestins-tunisiens-arrives-en-italie-et-en-espagne\/\">Cliquez ici pour lire l&rsquo;article depuis sa source.<\/a><\/p>\n","protected":false},"excerpt":{"rendered":"<p>Un rapport r\u00e9alis\u00e9 par le Forum tunisien pour les droits \u00e9conomiques et sociaux (FTDES) sur la migration irr\u00e9guli\u00e8re au premier semestre de 2019 vient de r\u00e9v\u00e9ler qu\u2019environ 1019 Tunisiens sont arriv\u00e9s en Italie et en Espagne et 1008 migrants essentiellement des subsahariens et des Syriens sont arriv\u00e9s en Tunisie durant la m\u00eame p\u00e9riode. Pr\u00e9sent\u00e9 mardi [&hellip;]<\/p>\n","protected":false},"author":1775,"featured_media":0,"comment_status":"closed","ping_status":"closed","sticky":false,"template":"","format":"standard","meta":{"fifu_image_url":"","fifu_image_alt":"","footnotes":""},"categories":[78,55],"tags":[],"class_list":["post-46985","post","type-post","status-publish","format-standard","hentry","category-economie","category-tunisie"],"_links":{"self":[{"href":"https:\/\/linitiative.ca\/International\/wp-json\/wp\/v2\/posts\/46985","targetHints":{"allow":["GET"]}}],"collection":[{"href":"https:\/\/linitiative.ca\/International\/wp-json\/wp\/v2\/posts"}],"about":[{"href":"https:\/\/linitiative.ca\/International\/wp-json\/wp\/v2\/types\/post"}],"author":[{"embeddable":true,"href":"https:\/\/linitiative.ca\/International\/wp-json\/wp\/v2\/users\/1775"}],"replies":[{"embeddable":true,"href":"https:\/\/linitiative.ca\/International\/wp-json\/wp\/v2\/comments?post=46985"}],"version-history":[{"count":0,"href":"https:\/\/linitiative.ca\/International\/wp-json\/wp\/v2\/posts\/46985\/revisions"}],"wp:attachment":[{"href":"https:\/\/linitiative.ca\/International\/wp-json\/wp\/v2\/media?parent=46985"}],"wp:term":[{"taxonomy":"category","embeddable":true,"href":"https:\/\/linitiative.ca\/International\/wp-json\/wp\/v2\/categories?post=46985"},{"taxonomy":"post_tag","embeddable":true,"href":"https:\/\/linitiative.ca\/International\/wp-json\/wp\/v2\/tags?post=46985"}],"curies":[{"name":"wp","href":"https:\/\/api.w.org\/{rel}","templated":true}]}}