{"id":47015,"date":"2019-07-17T19:14:29","date_gmt":"2019-07-17T23:14:29","guid":{"rendered":"https:\/\/linitiative.ca\/International\/vers-lelaboration-de-la-charte-de-gestion-des-dechets\/"},"modified":"2019-07-17T19:14:29","modified_gmt":"2019-07-17T23:14:29","slug":"vers-lelaboration-de-la-charte-de-gestion-des-dechets","status":"publish","type":"post","link":"https:\/\/linitiative.ca\/International\/vers-lelaboration-de-la-charte-de-gestion-des-dechets\/","title":{"rendered":"Vers l\u2019\u00e9laboration de la Charte de gestion des d\u00e9chets"},"content":{"rendered":"<div readability=\"38\">\n<p>Essaouira \u2013 L\u2019\u00e9v\u00e9nement \u00ab\u00a0Design Days Gestion et valorisation des d\u00e9chets\u00a0\u00bb, initi\u00e9 par Essaouira Innovation Lab, a pris fin mercredi dans la cit\u00e9 des Aliz\u00e9s, apr\u00e8s deux jours d\u2019intenses d\u00e9bats ayant abouti \u00e0 l\u2019\u00e9laboration des premi\u00e8res lignes directrices de la Charte de Gestion et de Valorisation des d\u00e9chets.<\/p>\n<\/div>\n<div readability=\"131\">\n<p>Ces deux jours ont \u00e9t\u00e9 \u00e9galement ponctu\u00e9s par l\u2019identification des premiers \u00e9l\u00e9ments constitutifs de la feuille de route qui sera adopt\u00e9e progressivement \u00e0 l\u2019\u00e9chelle provinciale, ce qui constitue une avant-premi\u00e8re \u00e0 l\u2019\u00e9chelle nationale, sur la base d\u2019une approche de concertation et de co-construction en mati\u00e8re de d\u00e9veloppement durable inclusif, se sont f\u00e9licit\u00e9s les organisateurs.<\/p>\n<p>\u00ab\u00a0Il s\u2019agit d\u2019une premi\u00e8re d\u2019\u00e9laborer une Charte en r\u00e9unissant autour d\u2019une m\u00eame table les diff\u00e9rentes parties prenantes locales. En agissant ainsi, Essaouira Innovation Lab s\u2019inspire largement des dispositions des articles 12 et 13 de la Constitution qui mettent en valeur l\u2019approche participative et le r\u00f4le des associations et ONG dans la gestion de la chose publique\u00a0\u00bb, ont-ils expliqu\u00e9.<\/p>\n<p>Ce conclave ayant r\u00e9uni un parterre d\u2019experts, d\u2019\u00e9lus, de responsables, de repr\u00e9sentants des services ext\u00e9rieurs et de la province, d\u2019op\u00e9rateurs du secteur priv\u00e9 ainsi que des acteurs associatifs, a offert aussi un espace d\u2019\u00e9change fructueux et d\u2019intelligence collective pour aborder d\u2019autres aspects li\u00e9s notamment \u00e0 l\u2019importance d\u2019une gouvernance inclusive et participative pour la gestion des d\u00e9chets et leur traitement, et la n\u00e9cessit\u00e9 de la mise en place d\u2019outils de monitoring de donn\u00e9es qualitatives et quantitatives.<\/p>\n<p>Au terme de 4 ateliers th\u00e9matiques organis\u00e9s autour des diff\u00e9rents maillons constituant la cha\u00eene de valeur des d\u00e9chets au niveau de la province d\u2019Essaouira, les participants ont soulign\u00e9 la n\u00e9cessit\u00e9, en mati\u00e8re de production et de collecte des d\u00e9chets, d\u2019assurer la mise en place de m\u00e9canismes et de circuits alternatifs de collecte, de tri et de stockage ad\u00e9quats et de promouvoir la sensibilisation et la formation des citoyens aux nouvelles d\u00e9marches adopt\u00e9es dans ce sens.<\/p>\n<p>Concernant le transport et l\u2019entreposage des d\u00e9chets, les pan\u00e9listes ont estim\u00e9 indispensable de repenser les circuits de collecte et de d\u00e9p\u00f4t des d\u00e9chets dans une d\u00e9marche concertative avec les citoyens de la province, tout en insistant sur l\u2019importance de soutenir et de renforcer les capacit\u00e9s des Amicales de quartiers en vue de sensibiliser les citoyens et assurer leur adh\u00e9sion.<\/p>\n<p>Ils se sont prononc\u00e9s aussi en faveur de l\u2019implication des diff\u00e9rents acteurs en mati\u00e8re de transport des d\u00e9chets, notamment la soci\u00e9t\u00e9 civile.<\/p>\n<p>Evoquant la question de recyclage et de valorisation des d\u00e9chets, les diff\u00e9rents intervenants ont pr\u00e9conis\u00e9 l\u2019identification des besoins du secteur en termes de logistiques humaines et techniques, de comp\u00e9tences et de formations, outre la promotion de l\u2019entrepreneuriat et le d\u00e9veloppement d\u2019un \u00e9cosyst\u00e8me local autour de l\u2019\u00e9conomie verte et circulaire.<\/p>\n<p>Dans la m\u00eame lign\u00e9e, ils ont soulign\u00e9 l\u2019imp\u00e9ratif de mettre en place les m\u00e9canismes n\u00e9cessaires pour la promotion et la sensibilisation du consommateur \u00e0 l\u2019utilisation des produits recycl\u00e9s.<\/p>\n<p>Les participants ont \u00e9t\u00e9 \u00e9galement au rendez-vous avec un autre atelier d\u00e9di\u00e9 \u00e0 l\u2019implication citoyenne, une occasion de discuter et de d\u00e9battre des actions \u00e0 entretenir dans l\u2019optique de susciter l\u2019int\u00e9r\u00eat du citoyen sur la gestion et le traitement des d\u00e9chets, et l\u2019inscrire dans une vision globale pour assurer la p\u00e9rennisation des actions qui en d\u00e9coulent dans le temps.<\/p>\n<p>Il s\u2019agit \u00e9galement de mettre en place des r\u00e9ceptacles d\u2019agr\u00e9gation de l\u2019information pour permettre aux citoyens de contribuer d\u2019une mani\u00e8re participative \u00e0 la maturation de la r\u00e9flexion, et d\u2019engager les citoyens \u00e0 porter les diff\u00e9rentes initiatives qui en d\u00e9coulent en vue de promouvoir les atouts touristiques et historiques de la province.<\/p>\n<p>Les Design Days, rappelle-t-on, ont \u00e9t\u00e9 l\u2019occasion pour l\u2019assistance de suivre un expos\u00e9 exhaustif sur les diff\u00e9rentes pratiques et exp\u00e9riences r\u00e9ussies \u00e0 l\u2019\u00e9chelle internationale en mati\u00e8re de gestion et de valorisation des d\u00e9chets, de promotion de l\u2019\u00e9conomie verte et de mise en application des ODD, avec un focus sur les efforts et les l\u00e9gislations en vigueur \u00e0 l\u2019\u00e9chelle plan\u00e9taire.<\/p>\n<p>L\u2019accent a \u00e9t\u00e9 mis \u00e9galement sur le cadre juridique national, les initiatives institutionnelles nationales et locales pertinentes, ainsi que sur certaines initiatives citoyennes men\u00e9es constamment par la soci\u00e9t\u00e9 civile et les associations locales au niveau d\u2019Essaouira en vue de nettoyer la plage et la m\u00e9dina ou encore pour trier les d\u00e9chets et les transformer dans une logique circulaire.<\/p>\n<p>Cr\u00e9\u00e9 en d\u00e9cembre 2018, Essaouira Innovation Lab est un tiers-lieu d\u2019innovation territorial ouvert et inclusif dans lequel des experts m\u00e9tiers volontaires travaillent en \u00e9troite collaboration avec l\u2019ensemble des acteurs locaux, publics et priv\u00e9s pour co-concevoir des solutions innovantes, durables et adapt\u00e9es aux besoins et ambitions de la province.<\/p>\n<p>Essaouira Innovation Lab a mis la promotion de l\u2019intelligence collective au centre de son action car l\u2019enjeu du collaboratif et du collectif est plus que d\u00e9terminant pour la r\u00e9ussite du d\u00e9veloppement inclusif et p\u00e9renne de nos territoires, estime-t-on.<\/p>\n<\/div>\n<p>Auteur: Meriem IGASS<br \/>\n<a href=\"http:\/\/www.mapmarrakech.ma\/fr\/vers-lelaboration-de-la-charte-de-gestion-des-dechets\/\">Cliquez ici pour lire l&rsquo;article depuis sa source.<\/a><\/p>\n","protected":false},"excerpt":{"rendered":"<p>Essaouira \u2013 L\u2019\u00e9v\u00e9nement \u00ab\u00a0Design Days Gestion et valorisation des d\u00e9chets\u00a0\u00bb, initi\u00e9 par Essaouira Innovation Lab, a pris fin mercredi dans la cit\u00e9 des Aliz\u00e9s, apr\u00e8s deux jours d\u2019intenses d\u00e9bats ayant abouti \u00e0 l\u2019\u00e9laboration des premi\u00e8res lignes directrices de la Charte de Gestion et de Valorisation des d\u00e9chets. Ces deux jours ont \u00e9t\u00e9 \u00e9galement ponctu\u00e9s par [&hellip;]<\/p>\n","protected":false},"author":1788,"featured_media":0,"comment_status":"closed","ping_status":"closed","sticky":false,"template":"","format":"standard","meta":{"fifu_image_url":"","fifu_image_alt":"","footnotes":""},"categories":[54,76],"tags":[],"class_list":["post-47015","post","type-post","status-publish","format-standard","hentry","category-maroc","category-regions"],"_links":{"self":[{"href":"https:\/\/linitiative.ca\/International\/wp-json\/wp\/v2\/posts\/47015","targetHints":{"allow":["GET"]}}],"collection":[{"href":"https:\/\/linitiative.ca\/International\/wp-json\/wp\/v2\/posts"}],"about":[{"href":"https:\/\/linitiative.ca\/International\/wp-json\/wp\/v2\/types\/post"}],"author":[{"embeddable":true,"href":"https:\/\/linitiative.ca\/International\/wp-json\/wp\/v2\/users\/1788"}],"replies":[{"embeddable":true,"href":"https:\/\/linitiative.ca\/International\/wp-json\/wp\/v2\/comments?post=47015"}],"version-history":[{"count":0,"href":"https:\/\/linitiative.ca\/International\/wp-json\/wp\/v2\/posts\/47015\/revisions"}],"wp:attachment":[{"href":"https:\/\/linitiative.ca\/International\/wp-json\/wp\/v2\/media?parent=47015"}],"wp:term":[{"taxonomy":"category","embeddable":true,"href":"https:\/\/linitiative.ca\/International\/wp-json\/wp\/v2\/categories?post=47015"},{"taxonomy":"post_tag","embeddable":true,"href":"https:\/\/linitiative.ca\/International\/wp-json\/wp\/v2\/tags?post=47015"}],"curies":[{"name":"wp","href":"https:\/\/api.w.org\/{rel}","templated":true}]}}