{"id":47016,"date":"2019-07-18T09:20:37","date_gmt":"2019-07-18T13:20:37","guid":{"rendered":"https:\/\/linitiative.ca\/International\/proces-imlil-la-cour-met-laffaire-en-delibere\/"},"modified":"2019-07-18T09:20:37","modified_gmt":"2019-07-18T13:20:37","slug":"proces-imlil-la-cour-met-laffaire-en-delibere","status":"publish","type":"post","link":"https:\/\/linitiative.ca\/International\/proces-imlil-la-cour-met-laffaire-en-delibere\/","title":{"rendered":"Proc\u00e8s Imlil: La Cour met l\u2019affaire en d\u00e9lib\u00e9r\u00e9"},"content":{"rendered":"<div class=\"single-featured\"><img alt=\"\" data-src=\"http:\/\/www.mapmarrakech.ma\/map\/uploads\/2019\/07\/courdappel-copier.jpg\"\/><\/div>\n<div class=\"single-post-excerpt post-excerpt-bc\" readability=\"36\">\n<p>Sal\u00e9 \u2013 La Chambre criminelle charg\u00e9e des affaires du terrorisme pr\u00e8s l\u2019annexe de la Cour d\u2019appel \u00e0 Sal\u00e9 a d\u00e9cid\u00e9 jeudi de mettre en d\u00e9lib\u00e9r\u00e9 l\u2019affaire du meurtre des deux touristes scandinaves dans la r\u00e9gion d\u2019Imlil (province d\u2019El-Haouz), apr\u00e8s l\u2019audition de la derni\u00e8re intervention des accus\u00e9s.<\/p>\n<\/div>\n<div class=\"entry-content clearfix single-post-content\" readability=\"48\">\n<p>Sont poursuivis dans cette affaire 24 individus, dont un ressortissant portant la double nationalit\u00e9 suisse et espagnole, pour \u00ab\u00a0constitution d\u2019une bande pour pr\u00e9parer et commettre des actes terroristes, atteinte \u00e0 la vie de personnes avec pr\u00e9m\u00e9ditation, possession d\u2019armes \u00e0 feu et tentative de fabrication d\u2019explosifs en violation \u00e0 la loi, dans le cadre d\u2019un projet collectif visant \u00e0 porter gravement atteinte \u00e0 l\u2019ordre public\u00a0\u00bb.<\/p>\n<p>Dans le cadre des investigations men\u00e9es apr\u00e8s la d\u00e9couverte des corps sans vie de deux touristes \u00e9trang\u00e8res dans la r\u00e9gion d\u2019Imlil, le Bureau central d\u2019investigations judiciaires (BCIJ) relevant de la Direction g\u00e9n\u00e9rale de la surveillance du territoire national, avait annonc\u00e9 l\u2019arrestation des personnes accus\u00e9es, en collaboration avec la Gendarmerie Royale et la S\u00fbret\u00e9 nationale.<\/p>\n<\/div>\n<p>Auteur: Meriem IGASS<br \/>\n<a href=\"http:\/\/www.mapmarrakech.ma\/fr\/proces-imlil-la-cour-met-laffaire-en-delibere\/\">Cliquez ici pour lire l&rsquo;article depuis sa source.<\/a><\/p>\n","protected":false},"excerpt":{"rendered":"<p>Sal\u00e9 \u2013 La Chambre criminelle charg\u00e9e des affaires du terrorisme pr\u00e8s l\u2019annexe de la Cour d\u2019appel \u00e0 Sal\u00e9 a d\u00e9cid\u00e9 jeudi de mettre en d\u00e9lib\u00e9r\u00e9 l\u2019affaire du meurtre des deux touristes scandinaves dans la r\u00e9gion d\u2019Imlil (province d\u2019El-Haouz), apr\u00e8s l\u2019audition de la derni\u00e8re intervention des accus\u00e9s. Sont poursuivis dans cette affaire 24 individus, dont un [&hellip;]<\/p>\n","protected":false},"author":1788,"featured_media":47017,"comment_status":"closed","ping_status":"closed","sticky":false,"template":"","format":"standard","meta":{"fifu_image_url":"","fifu_image_alt":"","footnotes":""},"categories":[54,76],"tags":[],"class_list":["post-47016","post","type-post","status-publish","format-standard","has-post-thumbnail","hentry","category-maroc","category-regions"],"_links":{"self":[{"href":"https:\/\/linitiative.ca\/International\/wp-json\/wp\/v2\/posts\/47016","targetHints":{"allow":["GET"]}}],"collection":[{"href":"https:\/\/linitiative.ca\/International\/wp-json\/wp\/v2\/posts"}],"about":[{"href":"https:\/\/linitiative.ca\/International\/wp-json\/wp\/v2\/types\/post"}],"author":[{"embeddable":true,"href":"https:\/\/linitiative.ca\/International\/wp-json\/wp\/v2\/users\/1788"}],"replies":[{"embeddable":true,"href":"https:\/\/linitiative.ca\/International\/wp-json\/wp\/v2\/comments?post=47016"}],"version-history":[{"count":0,"href":"https:\/\/linitiative.ca\/International\/wp-json\/wp\/v2\/posts\/47016\/revisions"}],"wp:featuredmedia":[{"embeddable":true,"href":"https:\/\/linitiative.ca\/International\/wp-json\/"}],"wp:attachment":[{"href":"https:\/\/linitiative.ca\/International\/wp-json\/wp\/v2\/media?parent=47016"}],"wp:term":[{"taxonomy":"category","embeddable":true,"href":"https:\/\/linitiative.ca\/International\/wp-json\/wp\/v2\/categories?post=47016"},{"taxonomy":"post_tag","embeddable":true,"href":"https:\/\/linitiative.ca\/International\/wp-json\/wp\/v2\/tags?post=47016"}],"curies":[{"name":"wp","href":"https:\/\/api.w.org\/{rel}","templated":true}]}}