{"id":47019,"date":"2019-07-18T12:22:26","date_gmt":"2019-07-18T16:22:26","guid":{"rendered":"https:\/\/linitiative.ca\/International\/boumerdes-vers-la-rehabilitation-du-vieux-lycee-technique-de-la-basse-casbah-de-dellys\/"},"modified":"2019-07-18T12:22:26","modified_gmt":"2019-07-18T16:22:26","slug":"boumerdes-vers-la-rehabilitation-du-vieux-lycee-technique-de-la-basse-casbah-de-dellys","status":"publish","type":"post","link":"https:\/\/linitiative.ca\/International\/boumerdes-vers-la-rehabilitation-du-vieux-lycee-technique-de-la-basse-casbah-de-dellys\/","title":{"rendered":"Boumerdes : vers la r\u00e9habilitation du vieux lyc\u00e9e technique de la basse casbah de Dellys  \u00a0"},"content":{"rendered":"<div>\n<div class=\"K2FeedIntroText\">\n<p>\u00a0<\/p>\n<p><strong>BOUMERDES &#8211; Une op\u00e9ration de r\u00e9habilitation et restauration a \u00e9t\u00e9 lanc\u00e9e, derni\u00e8rement, au profit du lyc\u00e9e \u00ab\u00a0Larbi Ben Mhidi\u00a0\u00bb du centre ville de Dellys (Est de Boumerdes), l\u2019un des plus vieux\u00a0\u00e9tablissements d\u2019enseignement en Alg\u00e9rie, plus connu sous le nom du \u00ab\u00a0vieux lyc\u00e9e technique\u00a0\u00bb (ou Dar L\u2019hirfa), situ\u00e9 dans la basse Casbah de l\u2019antique Dellys, a-t-on appris, jeudi, aupr\u00e8s de la directrice des \u00e9quipements publics de la wilaya, Saliha Benhenaya.<\/strong><\/p>\n<\/div>\n<div class=\"K2FeedFullText\">\n<p>\u00ab\u00a0Le chantier de r\u00e9habilitation de ce vieux lyc\u00e9e, fond\u00e9 par les fran\u00e7ais \u00e0 la fin du 18e si\u00e8cle, et ayant form\u00e9 des milliers de cadres nationaux et \u00e9trangers avant et apr\u00e8s l\u2019ind\u00e9pendance, a \u00e9t\u00e9 confi\u00e9 \u00e0 deux entreprises sp\u00e9cialis\u00e9es, avec un accompagnement assur\u00e9 par un bureau d\u2019\u00e9tudes\u00a0\u00bb, a indiqu\u00e9 \u00e0 l\u2019APS Mme. Benhenaya, en marge d\u2019une visite de travail du wali Yahia Yahiatene, \u00e0 un nombre de projets de d\u00e9veloppement dans la da\u00efra de Dellys .<\/p>\n<p><strong>\u00ab\u00a0Le projet a \u00e9t\u00e9 affect\u00e9 d\u2019une enveloppe de plus de 140 millions de DA\u00a0\u00bb,<\/strong> a-t-elle ajout\u00e9, d\u00e9plorant la d\u00e9gradation extr\u00eame de la b\u00e2tisse, due notamment aux facteurs temps et homme, conjugu\u00e9s aux s\u00e9quelles du s\u00e9isme du 21 mai 2003.<\/p>\n<p>Ces travaux de restauration, ayant n\u00e9cessit\u00e9 la fermeture de l\u2019\u00e9tablissement, consisteront, entre autres, selon la m\u00eame responsable, dans le confortement des piliers des diff\u00e9rentes structures du b\u00e2timent et\u00a0de sa fa\u00e7ade, outre la r\u00e9habilitation et r\u00e9am\u00e9nagement du bloc administratif et de ses ateliers, parall\u00e8lement \u00e0 un mur de protection et des travaux pour mettre fin aux glissement de terrain mena\u00e7ant la structure.<\/p>\n<p>Selon certaines sources historiques, ce monument historique de la ville de Dellys a \u00e9t\u00e9 fond\u00e9 par les fran\u00e7ais en 1880, sous le nom de l\u2019Ecole industrielle des colons.<\/p>\n<p>Ce nom fut transform\u00e9 en Ecole professionnelle des colons, le 22 d\u00e9cembre 1905, avant de changer, en 1912, pour s\u2019appeler l\u2019Ecole des arts et de l\u2019industrie.<\/p>\n<p>Cette appellation f\u00fbt chang\u00e9e en Ecole des arts et des m\u00e9tiers en 1949, avant de changer en Ecole professionnelle nationale en 1955, puis en lyc\u00e9e de pr\u00e9paration du dipl\u00f4me de technicien en 1961.<\/p>\n<p>L\u2019\u00e9tablissement fut baptis\u00e9 du nom de \u00ab\u00a0Larbi Ben Mhidi\u00a0\u00bb le 10 mai 1976. A l\u2019\u00e9poque, cet \u00e9tablissement d\u2019excellence assurait une formation r\u00e9sidentielle en langue anglaise (langue officielle de l\u2019\u00e9tablissement) \u00e0\u00a0des milliers d\u2019etudiants nationaux, mais aussi \u00e9trangers, dans diff\u00e9rentes sp\u00e9cialit\u00e9s scientifiques et techniques (math\u00e9matiques techniques, industrie m\u00e9canique, \u00e9lectricit\u00e9 technique, froid). Il fut transform\u00e9 en lyc\u00e9e ordinaire, en 2005.<\/p>\n<p>Le wali de Boumerdes a entam\u00e9 sa visite par l\u2019inspection du chantier d\u2019\u00e9clairage en LED de l\u2019axe de la RN 25 traversant le village Ouled Khedach, avant de donner le coup d\u2019envoi du chantier de r\u00e9habilitation d\u2019un\u00a0nombre d\u2019\u00e9coles primaires et l\u2019inspection d\u2019un projet de r\u00e9alisation de 100 logements publics locatifs et d\u2019une salle de soins au village Oued Lehmam.<\/p>\n<p>Dans la localit\u00e9 d\u2019Afir, le chef de l\u2019ex\u00e9cutif a effectu\u00e9 une inspection du projet de traitement du glissement de terrain sur la RN 24, outre un projet de r\u00e9habilitation d\u2019une salle de soins au village Zaouia, et un\u00a0projet de r\u00e9alisation d\u2019un nouveau si\u00e8ge de commune.<\/p>\n<p>Nombre de projets de logements de diff\u00e9rentes formules en r\u00e9alisation, au si\u00e8ge de da\u00efra de Dellys, ont \u00e9t\u00e9, \u00e9galement, inspect\u00e9s par M.Yahiatene, qui s\u2019est, aussi, rendu sur les chantiers de protection de la ville de Dellys des inondations et de r\u00e9fection d\u2019un ouvrage d\u2019art sur la RN24.<\/p>\n<p>\u00a0<\/p>\n<p>\u00a0<\/p>\n<\/div>\n<\/div>\n<p>Auteur:<br \/>\n<a href=\"http:\/\/www.aps.dz\/regions\/92137-boumerdes-vers-la-rehabilitation-du-vieux-lycee-technique-de-la-basse-casbah-de-dellys\">Cliquez ici pour lire l&rsquo;article depuis sa source.<\/a><\/p>\n","protected":false},"excerpt":{"rendered":"<p>\u00a0 BOUMERDES &#8211; Une op\u00e9ration de r\u00e9habilitation et restauration a \u00e9t\u00e9 lanc\u00e9e, derni\u00e8rement, au profit du lyc\u00e9e \u00ab\u00a0Larbi Ben Mhidi\u00a0\u00bb du centre ville de Dellys (Est de Boumerdes), l\u2019un des plus vieux\u00a0\u00e9tablissements d\u2019enseignement en Alg\u00e9rie, plus connu sous le nom du \u00ab\u00a0vieux lyc\u00e9e technique\u00a0\u00bb (ou Dar L\u2019hirfa), situ\u00e9 dans la basse Casbah de l\u2019antique Dellys, [&hellip;]<\/p>\n","protected":false},"author":1790,"featured_media":0,"comment_status":"closed","ping_status":"closed","sticky":false,"template":"","format":"standard","meta":{"fifu_image_url":"","fifu_image_alt":"","footnotes":""},"categories":[53,76],"tags":[],"class_list":["post-47019","post","type-post","status-publish","format-standard","hentry","category-algerie","category-regions"],"_links":{"self":[{"href":"https:\/\/linitiative.ca\/International\/wp-json\/wp\/v2\/posts\/47019","targetHints":{"allow":["GET"]}}],"collection":[{"href":"https:\/\/linitiative.ca\/International\/wp-json\/wp\/v2\/posts"}],"about":[{"href":"https:\/\/linitiative.ca\/International\/wp-json\/wp\/v2\/types\/post"}],"author":[{"embeddable":true,"href":"https:\/\/linitiative.ca\/International\/wp-json\/wp\/v2\/users\/1790"}],"replies":[{"embeddable":true,"href":"https:\/\/linitiative.ca\/International\/wp-json\/wp\/v2\/comments?post=47019"}],"version-history":[{"count":0,"href":"https:\/\/linitiative.ca\/International\/wp-json\/wp\/v2\/posts\/47019\/revisions"}],"wp:attachment":[{"href":"https:\/\/linitiative.ca\/International\/wp-json\/wp\/v2\/media?parent=47019"}],"wp:term":[{"taxonomy":"category","embeddable":true,"href":"https:\/\/linitiative.ca\/International\/wp-json\/wp\/v2\/categories?post=47019"},{"taxonomy":"post_tag","embeddable":true,"href":"https:\/\/linitiative.ca\/International\/wp-json\/wp\/v2\/tags?post=47019"}],"curies":[{"name":"wp","href":"https:\/\/api.w.org\/{rel}","templated":true}]}}