{"id":47034,"date":"2019-07-18T07:00:00","date_gmt":"2019-07-18T11:00:00","guid":{"rendered":"https:\/\/linitiative.ca\/International\/la-crise-du-soudan\/"},"modified":"2019-07-18T07:00:00","modified_gmt":"2019-07-18T11:00:00","slug":"la-crise-du-soudan","status":"publish","type":"post","link":"https:\/\/linitiative.ca\/International\/la-crise-du-soudan\/","title":{"rendered":"La crise du Soudan"},"content":{"rendered":"<div class=\"dnd-atom-wrapper type-image context-sdl_editor_representation atom-align-right\" contenteditable=\"false\">\n<div class=\"dnd-drop-wrapper image\"><img loading=\"lazy\" decoding=\"async\" typeof=\"foaf:Image\" class=\"img-responsive\" src=\"https:\/\/www.leconomiste.com\/sites\/default\/files\/eco7\/public\/thumbnails\/image\/soudan_manifs_058.jpg\" width=\"369\" height=\"291\" alt=\"soudan_manifs_058.jpg\" title=\"soudan_manifs_058.jpg\"\/><\/div>\n<\/div>\n<p class=\"rtejustify\">Les Soudanais manifestent encore, agitant des drapeaux et scandant des slogans r\u00e9volutionnaires. Ces rassemblements surviennent alors qu&rsquo;un accord est attendu entre les militaires au pouvoir au Soudan et les meneurs du mouvement de contestation qui secoue ce pays depuis plusieurs mois.<\/p>\n<p class=\"rtejustify\">Cet accord doit formaliser le principe d&rsquo;un partage du pouvoir entre les deux parties pendant une p\u00e9riode de transition d&rsquo;environ trois ans. Mais les n\u00e9gociations, qui ne sont pas encore achev\u00e9es, ont \u00e9t\u00e9 report\u00e9es \u00e0 deux reprises la semaine derni\u00e8re, \u00e0 la demande des contestataires. Une nouvelle rencontre \u00e9tait pr\u00e9vue mardi.<\/p>\n<p class=\"rtejustify\">Le 3 juin 2019, 136 personnes ont \u00e9t\u00e9 tu\u00e9es lors du raid brutal men\u00e9 sur le campement de manifestants install\u00e9 depuis avril devant le si\u00e8ge de l&rsquo;arm\u00e9e, selon un comit\u00e9 de m\u00e9decins proche de la contestation, cit\u00e9 par l\u2019AFP. Les autorit\u00e9s parlent de 71 morts. Imm\u00e9diatement apr\u00e8s le drame, les autorit\u00e9s avaient impos\u00e9 le blocage total de l&rsquo;internet mobile dans le pays. Mais avec sa lev\u00e9e cette semaine, des dizaines de vid\u00e9os sont devenues virales. Le Conseil militaire de transition a ordonn\u00e9 l&rsquo;ouverture d&rsquo;une enqu\u00eate sur les violences, mais les conclusions n&rsquo;ont pas encore \u00e9t\u00e9 rendues publiques.<\/p>\n<p class=\"rtejustify\">Des dizaines de personnes avaient d\u00e9j\u00e0 \u00e9t\u00e9 tu\u00e9es dans la r\u00e9pression des manifestations lanc\u00e9es le 19 d\u00e9cembre, apr\u00e8s la d\u00e9cision du gouvernement de tripler le prix du pain. Le mouvement avait pris une tournure politique en r\u00e9clamavnt la chute du pr\u00e9sident Omar el-B\u00e9chir, destitu\u00e9 et arr\u00eat\u00e9 le 11 avril par l&rsquo;arm\u00e9e apr\u00e8s trois d\u00e9cennies au pouvoir.<\/p>\n<p class=\"rtejustify\">\u00a0<\/p>\n<p class=\"rtejustify\">\u00a0<\/p>\n<p>Auteur: hlafriqi<br \/>\n<a href=\"https:\/\/www.leconomiste.com\/article\/1047928-la-crise-du-soudan\">Cliquez ici pour lire l&rsquo;article depuis sa source.<\/a><\/p>\n","protected":false},"excerpt":{"rendered":"<p>Les Soudanais manifestent encore, agitant des drapeaux et scandant des slogans r\u00e9volutionnaires. Ces rassemblements surviennent alors qu&rsquo;un accord est attendu entre les militaires au pouvoir au Soudan et les meneurs du mouvement de contestation qui secoue ce pays depuis plusieurs mois. Cet accord doit formaliser le principe d&rsquo;un partage du pouvoir entre les deux parties [&hellip;]<\/p>\n","protected":false},"author":1763,"featured_media":47035,"comment_status":"closed","ping_status":"closed","sticky":false,"template":"","format":"standard","meta":{"fifu_image_url":"","fifu_image_alt":"","footnotes":""},"categories":[78,54],"tags":[],"class_list":["post-47034","post","type-post","status-publish","format-standard","has-post-thumbnail","hentry","category-economie","category-maroc"],"_links":{"self":[{"href":"https:\/\/linitiative.ca\/International\/wp-json\/wp\/v2\/posts\/47034","targetHints":{"allow":["GET"]}}],"collection":[{"href":"https:\/\/linitiative.ca\/International\/wp-json\/wp\/v2\/posts"}],"about":[{"href":"https:\/\/linitiative.ca\/International\/wp-json\/wp\/v2\/types\/post"}],"author":[{"embeddable":true,"href":"https:\/\/linitiative.ca\/International\/wp-json\/wp\/v2\/users\/1763"}],"replies":[{"embeddable":true,"href":"https:\/\/linitiative.ca\/International\/wp-json\/wp\/v2\/comments?post=47034"}],"version-history":[{"count":0,"href":"https:\/\/linitiative.ca\/International\/wp-json\/wp\/v2\/posts\/47034\/revisions"}],"wp:featuredmedia":[{"embeddable":true,"href":"https:\/\/linitiative.ca\/International\/wp-json\/"}],"wp:attachment":[{"href":"https:\/\/linitiative.ca\/International\/wp-json\/wp\/v2\/media?parent=47034"}],"wp:term":[{"taxonomy":"category","embeddable":true,"href":"https:\/\/linitiative.ca\/International\/wp-json\/wp\/v2\/categories?post=47034"},{"taxonomy":"post_tag","embeddable":true,"href":"https:\/\/linitiative.ca\/International\/wp-json\/wp\/v2\/tags?post=47034"}],"curies":[{"name":"wp","href":"https:\/\/api.w.org\/{rel}","templated":true}]}}