{"id":47058,"date":"2019-07-17T19:00:00","date_gmt":"2019-07-17T23:00:00","guid":{"rendered":"https:\/\/linitiative.ca\/International\/affaires-sonatrach-et-khalifa-la-justice-ordonne-un-reexamen\/"},"modified":"2019-07-17T19:00:00","modified_gmt":"2019-07-17T23:00:00","slug":"affaires-sonatrach-et-khalifa-la-justice-ordonne-un-reexamen","status":"publish","type":"post","link":"https:\/\/linitiative.ca\/International\/affaires-sonatrach-et-khalifa-la-justice-ordonne-un-reexamen\/","title":{"rendered":"Affaires Sonatrach et Khalifa  : La Justice ordonne un r\u00e9examen"},"content":{"rendered":"<p>\u00a0La Cour supr\u00eame a ordonn\u00e9 le r\u00e9examen des affaires Sonatrach et Khalifa, dans le cadre de la poursuite des enqu\u00eates sur les affaires de corruption et des poursuites judiciaires engag\u00e9es par la justice depuis fin mai 2019, a-t-on appris hier aupr\u00e8s de cette Cour. Des jugements d\u00e9finitifs avaient \u00e9t\u00e9 rendus dans l\u2019affaire Sonatrach 1, examin\u00e9e par le Tribunal criminel d\u2019Alger et dans l\u2019affaire Khalifa, examin\u00e9e par la Chambre d\u2019accusation pr\u00e8s la Cour de Blida. A ce propos, le Tribunal criminel d\u2019Alger avait prononc\u00e9, le 2 f\u00e9vrier 2016, une peine de 6 ans de r\u00e9clusion criminelle assortie d\u2019une amende d\u2019un million de dinars \u00e0 l\u2019encontre du principal accus\u00e9 dans l\u2019affaire \u00abSonatrach 1\u00bb, le pr\u00e9sident du conseil d\u2019administration du Groupe alg\u00e9ro-allemand Contel Funkwerk, Al Ismail Mohamed R\u00e9da Djaafar. Une peine d\u2019emprisonnement ferme de 6 ans assortie d\u2019une amende de deux millions de dinars avait \u00e9t\u00e9 \u00e9galement prononc\u00e9e contre Meziane Mohamed R\u00e9da, fils de l\u2019ex-PDG de Sonatrach. Meziane Mohamed, l\u2019ex-PDG de Sonatrach, avait, quant \u00e0 lui, \u00e9t\u00e9 condamn\u00e9 \u00e0 une peine de 5 ans avec sursis assortie de deux millions de dinars d\u2019amende. Le m\u00eame tribunal avait condamn\u00e9, en outre, \u00e0 une peine de 6 ans de prison ferme et \u00e0 une amende de deux\u00a0 millions de dinars, Meghaoui Yazid, et \u00e0 une peine de 5 ans de prison ferme assortie d\u2019un million de dinars d\u2019amende \u00e0 son p\u00e8re Meghaoui Hachemi (ex-PDG de la banque CPA). L\u2019ex-vice-PDG charg\u00e9 des activit\u00e9s amont, Belkacem Boumedi\u00e8ne, avait \u00e9t\u00e9 condamn\u00e9, quant \u00e0 lui, \u00e0 5 ans de r\u00e9clusion criminelle assortie d\u2019une amende de 500.000 DA. En outre, le Tribunal criminel d\u2019Alger avait prononc\u00e9 une peine de 5 ans de r\u00e9clusion criminelle assortie d\u2019une amende d\u2019un million de dinars contre le second fils de l\u2019ex-PDG de Sonatrach, Meziane Bachir Fouzi.<br \/>Par ailleurs, une amende de cinq millions de dinars a \u00e9t\u00e9 inflig\u00e9e \u00e0 la soci\u00e9t\u00e9 allemande Funkwerk Plettac, tandis que les trois autres soci\u00e9t\u00e9s \u00e0 savoir la SARL Contel Alg\u00e9rie, le groupe alg\u00e9ro-allemand Contel-Funkwerk et le groupe italien Saipem Contracting Algeria avaient \u00e9t\u00e9 condamn\u00e9es chacune \u00e0 une amende de 4 millions de DA. Dix-neuf personnes morales et physiques impliqu\u00e9es dans l\u2019affaire avaient b\u00e9n\u00e9fici\u00e9 de l\u2019acquittement.\u00a0 Concernant l\u2019affaire de l\u2019homme d\u2019affaires Abdelmoum\u00e8ne Khalifa, le Tribunal criminel de la Cour de Blida, avait prononc\u00e9, le 23 juin 2015, des peines d\u2019emprisonnement allant de 18 ans ferme \u00e0 1 an avec sursis \u00e0 l\u2019encontre de 18 pr\u00e9venus impliqu\u00e9s dans l\u2019affaire Khalifa, tandis que 53 autres avaient b\u00e9n\u00e9fici\u00e9 de l\u2019acquittement.\u00a0<br \/>L\u2019ex-PDG du groupe Khalifa, Abdelmoum\u00e8ne Khalifa, a \u00e9t\u00e9 condamn\u00e9 \u00e0 18 ans de r\u00e9clusion ferme, assortie d\u2019une amende d\u2019un million de dinars et de la confiscation de l\u2019ensemble de ses biens. Par ailleurs, il a b\u00e9n\u00e9fici\u00e9 de l\u2019acquittement pour le chef d\u2019accusation \u00abd\u2019abus d\u2019influence\u00bb.\u00a0 Absent lors du proc\u00e8s de 2007, Abdelmoum\u00e8ne Khalifa, l\u2019ex-DG du groupe Khalifa, \u00e9tait poursuivi pour association de malfaiteurs, vols multiples, escroquerie, faux et usage de faux en \u00e9criture bancaire, abus de confiance, trafic d`influence, corruption, d\u00e9tournement de fonds et banqueroute frauduleuse\u00bb.\u00a0\u00a0<br \/>En juin 2007, un jugement par contumace avait \u00e9t\u00e9 prononc\u00e9 par le Tribunal criminel de la Cour de Blida le condamnant \u00e0 la r\u00e9clusion criminelle \u00e0 perp\u00e9tuit\u00e9 avec confiscation de l\u2019ensemble de ses biens.\u00a0 Au total, 71 pr\u00e9venus, dont 5 sont d\u00e9c\u00e9d\u00e9s, avaient introduit des recours devant la Cour supr\u00eame, dans les verdicts prononc\u00e9s en juin 2007, sachant que 21 d\u00e9tenus sont impliqu\u00e9s dans cette affaire alors que le nombre des t\u00e9moins d\u00e9passait les 300 personnes, outre la partie civile et les victimes.<\/p>\n<p>Auteur: elmoudjahid<br \/>\n<a href=\"http:\/\/www.elmoudjahid.com\/fr\/actualites\/139437\">Cliquez ici pour lire l&rsquo;article depuis sa source.<\/a><\/p>\n","protected":false},"excerpt":{"rendered":"<p>\u00a0La Cour supr\u00eame a ordonn\u00e9 le r\u00e9examen des affaires Sonatrach et Khalifa, dans le cadre de la poursuite des enqu\u00eates sur les affaires de corruption et des poursuites judiciaires engag\u00e9es par la justice depuis fin mai 2019, a-t-on appris hier aupr\u00e8s de cette Cour. Des jugements d\u00e9finitifs avaient \u00e9t\u00e9 rendus dans l\u2019affaire Sonatrach 1, examin\u00e9e [&hellip;]<\/p>\n","protected":false},"author":1744,"featured_media":0,"comment_status":"closed","ping_status":"closed","sticky":false,"template":"","format":"standard","meta":{"fifu_image_url":"","fifu_image_alt":"","footnotes":""},"categories":[73,53],"tags":[],"class_list":["post-47058","post","type-post","status-publish","format-standard","hentry","category-actualite","category-algerie"],"_links":{"self":[{"href":"https:\/\/linitiative.ca\/International\/wp-json\/wp\/v2\/posts\/47058","targetHints":{"allow":["GET"]}}],"collection":[{"href":"https:\/\/linitiative.ca\/International\/wp-json\/wp\/v2\/posts"}],"about":[{"href":"https:\/\/linitiative.ca\/International\/wp-json\/wp\/v2\/types\/post"}],"author":[{"embeddable":true,"href":"https:\/\/linitiative.ca\/International\/wp-json\/wp\/v2\/users\/1744"}],"replies":[{"embeddable":true,"href":"https:\/\/linitiative.ca\/International\/wp-json\/wp\/v2\/comments?post=47058"}],"version-history":[{"count":0,"href":"https:\/\/linitiative.ca\/International\/wp-json\/wp\/v2\/posts\/47058\/revisions"}],"wp:attachment":[{"href":"https:\/\/linitiative.ca\/International\/wp-json\/wp\/v2\/media?parent=47058"}],"wp:term":[{"taxonomy":"category","embeddable":true,"href":"https:\/\/linitiative.ca\/International\/wp-json\/wp\/v2\/categories?post=47058"},{"taxonomy":"post_tag","embeddable":true,"href":"https:\/\/linitiative.ca\/International\/wp-json\/wp\/v2\/tags?post=47058"}],"curies":[{"name":"wp","href":"https:\/\/api.w.org\/{rel}","templated":true}]}}