{"id":47059,"date":"2019-07-17T19:00:00","date_gmt":"2019-07-17T23:00:00","guid":{"rendered":"https:\/\/linitiative.ca\/International\/premiere-proposition-de-liste-des-mediateurs-du-dialogue-inclusif-instaurer-un-climat-de-confiance-et-de-serenite\/"},"modified":"2019-07-17T19:00:00","modified_gmt":"2019-07-17T23:00:00","slug":"premiere-proposition-de-liste-des-mediateurs-du-dialogue-inclusif-instaurer-un-climat-de-confiance-et-de-serenite","status":"publish","type":"post","link":"https:\/\/linitiative.ca\/International\/premiere-proposition-de-liste-des-mediateurs-du-dialogue-inclusif-instaurer-un-climat-de-confiance-et-de-serenite\/","title":{"rendered":"Premi\u00e8re proposition de liste des m\u00e9diateurs du dialogue inclusif  :  instaurer un climat  de confiance et de s\u00e9r\u00e9nit\u00e9"},"content":{"rendered":"<p>Compos\u00e9e d\u2019un panel de personnalit\u00e9s nationales, des noms des membres de l\u2019instance de m\u00e9diation et de dialogue, liste propos\u00e9e pour le Forum civile pour le changement ont \u00e9t\u00e9 d\u00e9voil\u00e9s hier, par son pr\u00e9sident et membre de la dynamique de la soci\u00e9t\u00e9 civile, Abderrahmane Arar.<br \/>La d\u00e9marche vise \u00e0 \u00abentamer un processus de m\u00e9diation et de dialogue\u00bb, pour \u00abrapprocher et faire converger les points de vue et positions\u00bb des uns et des autres, en vue de recherche des solutions pour une sortie de crise. Il s\u2019agit, donc, de treize personnalit\u00e9s \u00abconnues pour leur discernement politique sans attaches partisanes anim\u00e9es par une volont\u00e9 patriotique et qui jouissent d\u2019une cr\u00e9dibilit\u00e9 aupr\u00e8s du peuple\u00bb, qui contribueront au sein de cette instance de m\u00e9diation et de dialogue \u00abpour arriver \u00e0 faire asseoir les acteurs de la classe politique, du mouvement citoyen, du Hirak et des repr\u00e9sentants du pouvoir autour de la table du dialogue\u00bb, explique M. Arar.<br \/>En plus de Djamila Bouhired, figurent dans la liste d\u00e9voil\u00e9e, les noms de deux anciens chefs de gouvernement, Mouloud Hamrouche et Mokdad Sifi. S\u2019ajoutent \u00e0 la liste, l\u2019ancien pr\u00e9sident de l\u2019APN, Karim Youn\u00e8s, et Ahmed Taleb Ibrahimi.<br \/>Les autres personnalit\u00e9s ont \u00e9t\u00e9 choisies parmi les scientifiques, des constitutionnalistes de renom, des hommes de droit, des femmes et des hommes issus de la soci\u00e9t\u00e9 civile, \u00abchoisies pour leur implication avec le Hirak et qui ne sont pas impliqu\u00e9s dans des affaires de corruption et n\u2019ont pas \u00e9t\u00e9 li\u00e9es \u00e0 l\u2019ancien r\u00e9gime et n\u2019ont aucune ambition politique\u00bb, explique Abderrahmane Arar.<br \/>La constitutionnaliste Fatiha Benabbou, Islam Benattia, comme repr\u00e9sentant du Hirak, l\u2019avocat Mustapha Bouchachi, le sociologue Nacer Djabi, l\u2019\u00e9conomiste Isma\u00efl Lalmas, le syndicaliste Lyes Merabet, Nafissa Lahr\u00e8che et A\u00efcha Zennai figurent \u00e9galement sur la liste.<br \/>M. Arar explique que \u00abpour ces personnalit\u00e9s, l\u2019approche consiste \u00e0 donner un sens aux revendications r\u00e9it\u00e9r\u00e9es par les manifestants depuis le d\u00e9clenchement du mouvement populaire en f\u00e9vrier dernier\u00bb. Dans cette perspective, et sans plus tarder, ces personnalit\u00e9s, \u00abune fois admises par l\u2019opinion publique et le pouvoir, se proposeront de contacter un large \u00e9ventail de citoyens, d\u2019acteurs et responsables de partis pour les inviter \u00e0 participer au\u00a0 processus visant la recherche de solutions \u00e0 la crise que conna\u00eet le pays\u00bb. \u00abLes rencontres doivent \u00eatre le lieu d\u2019un dialogue inclusif et ouvert\u00bb, ajoute-t-il.<br \/>Ce dialogue, propos\u00e9 par le Forum, \u00abdoit \u00eatre men\u00e9 sans ing\u00e9rence aucune du pouvoir, et devra se solder sur une transition d\u00e9mocratique\u00bb, dit M. Arar, qui pose des \u00abconditions pr\u00e9alables et intangibles\u00bb. Parmi celles-ci, il cite \u00abla lev\u00e9e de pressions exerc\u00e9es \u00e0 l\u2019encontre des manifestants, la lib\u00e9ration du champ d\u2019expression et le respect des libert\u00e9s individuelles\u00bb.<br \/>Ce sont-l\u00e0 des \u00abmesures d\u2019apaisement qui pourraient constituer un bon signe de la part des autorit\u00e9s et qui permettront certainement de restaurer le climat de confiance, avant d\u2019aller vers une conf\u00e9rence inclusive\u00bb, a-t-il ajout\u00e9.<br \/>Selon M. Arar, la d\u00e9marche de \u00abl\u2019instance de m\u00e9diation et de dialogue\u00bb doit absolument \u00ab\u00e9pouser les revendications des manifestants, essayer de les mat\u00e9rialiser en les d\u00e9fendant aupr\u00e8s des autorit\u00e9s auxquelles incombe la responsabilit\u00e9 de donner suite\u00bb, et surtout sans interf\u00e9rences ni ing\u00e9rences dans les propositions \u00e9manant du processus du dialogue.<br \/>La proposition de ces noms n\u2019est qu\u2019une premi\u00e8re \u00e9tape, explique M. Arar. Si ce panel est accept\u00e9 par l\u2019opinion publique, la classe politique et l\u2019\u00e9lite, \u00abon pourra d\u00e8s lors sugg\u00e9rer qu\u2019ils soient sollicit\u00e9s d\u2019une mani\u00e8re officielle\u00bb.<br \/>D\u2019apr\u00e8s M. Arar, la symbolique d\u2019une telle initiative est qu\u2019elle vienne au moment o\u00f9 certains remettent en question les propositions \u00e9manant des forces de la soci\u00e9t\u00e9 civile. \u00abNous sommes optimistes quant aux chances de r\u00e9ussite de la m\u00e9diation, car tous les acteurs sont unanimes sur la n\u00e9cessit\u00e9 de la tenue du dialogue comme un premier pas pour la recherche de solutions afin de ne pas faire perdre \u00e0 l\u2019Alg\u00e9rie une chance historique de changement\u00bb.<br \/>Tahar Kaidi<br \/>\u00a0<\/p>\n<p>Auteur: elmoudjahid<br \/>\n<a href=\"http:\/\/www.elmoudjahid.com\/fr\/actualites\/139438\">Cliquez ici pour lire l&rsquo;article depuis sa source.<\/a><\/p>\n","protected":false},"excerpt":{"rendered":"<p>Compos\u00e9e d\u2019un panel de personnalit\u00e9s nationales, des noms des membres de l\u2019instance de m\u00e9diation et de dialogue, liste propos\u00e9e pour le Forum civile pour le changement ont \u00e9t\u00e9 d\u00e9voil\u00e9s hier, par son pr\u00e9sident et membre de la dynamique de la soci\u00e9t\u00e9 civile, Abderrahmane Arar.La d\u00e9marche vise \u00e0 \u00abentamer un processus de m\u00e9diation et de dialogue\u00bb, [&hellip;]<\/p>\n","protected":false},"author":1744,"featured_media":0,"comment_status":"closed","ping_status":"closed","sticky":false,"template":"","format":"standard","meta":{"fifu_image_url":"","fifu_image_alt":"","footnotes":""},"categories":[73,53],"tags":[],"class_list":["post-47059","post","type-post","status-publish","format-standard","hentry","category-actualite","category-algerie"],"_links":{"self":[{"href":"https:\/\/linitiative.ca\/International\/wp-json\/wp\/v2\/posts\/47059","targetHints":{"allow":["GET"]}}],"collection":[{"href":"https:\/\/linitiative.ca\/International\/wp-json\/wp\/v2\/posts"}],"about":[{"href":"https:\/\/linitiative.ca\/International\/wp-json\/wp\/v2\/types\/post"}],"author":[{"embeddable":true,"href":"https:\/\/linitiative.ca\/International\/wp-json\/wp\/v2\/users\/1744"}],"replies":[{"embeddable":true,"href":"https:\/\/linitiative.ca\/International\/wp-json\/wp\/v2\/comments?post=47059"}],"version-history":[{"count":0,"href":"https:\/\/linitiative.ca\/International\/wp-json\/wp\/v2\/posts\/47059\/revisions"}],"wp:attachment":[{"href":"https:\/\/linitiative.ca\/International\/wp-json\/wp\/v2\/media?parent=47059"}],"wp:term":[{"taxonomy":"category","embeddable":true,"href":"https:\/\/linitiative.ca\/International\/wp-json\/wp\/v2\/categories?post=47059"},{"taxonomy":"post_tag","embeddable":true,"href":"https:\/\/linitiative.ca\/International\/wp-json\/wp\/v2\/tags?post=47059"}],"curies":[{"name":"wp","href":"https:\/\/api.w.org\/{rel}","templated":true}]}}