{"id":47060,"date":"2019-07-17T19:00:00","date_gmt":"2019-07-17T23:00:00","guid":{"rendered":"https:\/\/linitiative.ca\/International\/dialogue-politique-vers-une-solution-consensuelle\/"},"modified":"2019-07-17T19:00:00","modified_gmt":"2019-07-17T23:00:00","slug":"dialogue-politique-vers-une-solution-consensuelle","status":"publish","type":"post","link":"https:\/\/linitiative.ca\/International\/dialogue-politique-vers-une-solution-consensuelle\/","title":{"rendered":"Dialogue politique  :  Vers une solution  consensuelle"},"content":{"rendered":"<p><strong>Un dialogue inclusif avec l\u2019ensemble des partenaires politiques et sociaux, une instance ind\u00e9pendante approuv\u00e9e par tous qu\u2019il y a lieu\u00a0 de mettre en place et devant se charger de l\u2019ensemble des aspects li\u00e9s \u00e0 la redynamisation du processus \u00e9lectoral et d\u00e9finir les garanties\u00a0 \u00e0 m\u00eame de r\u00e9ussir une pr\u00e9sidentielle cr\u00e9dible et int\u00e8gre.<\/strong><\/p>\n<p>Tel est le triptyque devant assurer la solution la plus \u00e0 m\u00eame de faire valoir, dans le respect des dispositions constitutionnelles, la volont\u00e9\u00a0 populaire, pour transcender la crise politique que vit le pays depuis maintenant pr\u00e8s de 5 mois. \u00c9tant cet objectif\u00a0 auquel adh\u00e8rent aujourd\u2019hui de nombreux partis politiques, les organisations syndicales et de la soci\u00e9t\u00e9 civile, le recours au dialogue pour l\u2019\u00e9mergence d\u2019une solution consensuelle a constitu\u00e9 ce leitmotiv soulign\u00e9 en premi\u00e8re ligne dans les discours du chef de l\u2019\u00c9tat Abdelkader Bensalah, de m\u00eame\u00a0 qu\u2019\u00e0 l\u2019occasion des audiences accord\u00e9es au Premier ministre traitant de l\u2019\u00e9valuation de la situation politique.<br \/>\u00c0\u00a0 ce\u00a0 titre, et lors de la derni\u00e8re audience, mardi dernier, le chef de l\u2019\u00c9tat a mis en avant la n\u00e9cessit\u00e9 de faire pr\u00e9valoir le dialogue et l\u2019int\u00e9r\u00eat supr\u00eame du pays, en interagissant avec les diff\u00e9rents partenaires sociaux dans tous les domaines, et de r\u00e9activer les m\u00e9canismes d\u2019action de proximit\u00e9, pour la prise en charge des pr\u00e9occupations des citoyens et des intervenants sur tout le territoire national. D\u2019autre part, s\u2019agissant de consensus, celui-ci existe d\u00e9j\u00e0\u00a0 concernant la juste et l\u00e9gitime revendication exprim\u00e9e pratiquement par\u00a0 tout le peuple et portant sur le changement du mode de gouvernance et l\u2019av\u00e8nement d\u2019une nouvelle \u00e8re fond\u00e9e sur le respect des principes d\u00e9mocratiques, de l\u2019\u00c9tat de droit et de la justice sociale. Avec l\u2019engagement des uns et des autres parmi les responsables des partis, les personnalit\u00e9s nationales et les organisations syndicales et de la soci\u00e9t\u00e9 civile, et leur contribution collective \u00e0 pr\u00e9server l\u2019int\u00e9r\u00eat supr\u00eame du pays, cette nouvelle \u00e8re \u00e0 laquelle aspire la soci\u00e9t\u00e9 dans son ensemble ne pourra que se muer en r\u00e9alit\u00e9 palpable. L\u2019Alg\u00e9rie \u00e9volue doucement, mais s\u00fbrement vers la cons\u00e9cration de cette mutation souhait\u00e9e par tous et ne pouvant se mat\u00e9rialiser qu\u2019\u00e0 travers la tenue d\u2019une \u00e9lection pr\u00e9sidentielle dans les meilleurs d\u00e9lais.<br \/>C\u2019est ce qui a \u00e9t\u00e9, entre autres, recommand\u00e9, lors du Forum national du dialogue. Cette manifestation, dont les travaux \u00e9taient coordonn\u00e9s par le diplomate et ancien ministre Abdelaziz Rahabi, avait constitu\u00e9,\u00a0 rappelle-t-on, une premi\u00e8re v\u00e9ritable concertation ayant regroup\u00e9 une douzaine de partis politiques, des personnalit\u00e9s, des repr\u00e9sentants d\u2019organisations syndicales et de la soci\u00e9t\u00e9 civile, dans l\u2019objectif d\u2019une solution consensuelle \u00e0 la crise politique.<br \/>Les participants ont salu\u00e9, \u00e0 cette occasion, les engagements du chef de l\u2019\u00c9tat exprim\u00e9s dans son message adress\u00e9\u00a0 \u00e0 la nation, \u00e0 l\u2019occasion du\u00a0 5 juillet, en vue de confier la conduite du\u00a0\u00a0 dialogue \u00e0 un panel de personnalit\u00e9s nationales, cr\u00e9dibles, ind\u00e9pendantes, sans affiliation partisane et sans ambition \u00e9lectorale. Ils se sont f\u00e9licit\u00e9s aussi de la stricte neutralit\u00e9 que compte observer le r\u00e9gime vis-\u00e0-vis du dialogue, dont\u00a0 les animateurs\u00a0 auront la double mission de mettre en place l\u2019instance charg\u00e9e de la pr\u00e9paration et du contr\u00f4le de l\u2019\u00e9lection pr\u00e9sidentielle et de l\u2019amendement de la loi \u00e9lectorale.<br \/>Hier,\u00a0 des noms\u00a0 de\u00a0 personnalit\u00e9s pouvant faire partie du panel en charge de mener le dialogue\u00a0 ont \u00e9t\u00e9 r\u00e9v\u00e9l\u00e9es, lors d\u2019un forum de la soci\u00e9t\u00e9 civile.<br \/>Karim\u00a0 Aoudia<\/p>\n<p>Auteur: elmoudjahid<br \/>\n<a href=\"http:\/\/www.elmoudjahid.com\/fr\/actualites\/139439\">Cliquez ici pour lire l&rsquo;article depuis sa source.<\/a><\/p>\n","protected":false},"excerpt":{"rendered":"<p>Un dialogue inclusif avec l\u2019ensemble des partenaires politiques et sociaux, une instance ind\u00e9pendante approuv\u00e9e par tous qu\u2019il y a lieu\u00a0 de mettre en place et devant se charger de l\u2019ensemble des aspects li\u00e9s \u00e0 la redynamisation du processus \u00e9lectoral et d\u00e9finir les garanties\u00a0 \u00e0 m\u00eame de r\u00e9ussir une pr\u00e9sidentielle cr\u00e9dible et int\u00e8gre. Tel est le [&hellip;]<\/p>\n","protected":false},"author":1744,"featured_media":0,"comment_status":"closed","ping_status":"closed","sticky":false,"template":"","format":"standard","meta":{"fifu_image_url":"","fifu_image_alt":"","footnotes":""},"categories":[73,53],"tags":[],"class_list":["post-47060","post","type-post","status-publish","format-standard","hentry","category-actualite","category-algerie"],"_links":{"self":[{"href":"https:\/\/linitiative.ca\/International\/wp-json\/wp\/v2\/posts\/47060","targetHints":{"allow":["GET"]}}],"collection":[{"href":"https:\/\/linitiative.ca\/International\/wp-json\/wp\/v2\/posts"}],"about":[{"href":"https:\/\/linitiative.ca\/International\/wp-json\/wp\/v2\/types\/post"}],"author":[{"embeddable":true,"href":"https:\/\/linitiative.ca\/International\/wp-json\/wp\/v2\/users\/1744"}],"replies":[{"embeddable":true,"href":"https:\/\/linitiative.ca\/International\/wp-json\/wp\/v2\/comments?post=47060"}],"version-history":[{"count":0,"href":"https:\/\/linitiative.ca\/International\/wp-json\/wp\/v2\/posts\/47060\/revisions"}],"wp:attachment":[{"href":"https:\/\/linitiative.ca\/International\/wp-json\/wp\/v2\/media?parent=47060"}],"wp:term":[{"taxonomy":"category","embeddable":true,"href":"https:\/\/linitiative.ca\/International\/wp-json\/wp\/v2\/categories?post=47060"},{"taxonomy":"post_tag","embeddable":true,"href":"https:\/\/linitiative.ca\/International\/wp-json\/wp\/v2\/tags?post=47060"}],"curies":[{"name":"wp","href":"https:\/\/api.w.org\/{rel}","templated":true}]}}