{"id":47061,"date":"2019-07-17T19:00:00","date_gmt":"2019-07-17T23:00:00","guid":{"rendered":"https:\/\/linitiative.ca\/International\/ecoles-de-police-de-mila-setif-et-tebessa-sortie-de-promotions-de-692-agents\/"},"modified":"2019-07-17T19:00:00","modified_gmt":"2019-07-17T23:00:00","slug":"ecoles-de-police-de-mila-setif-et-tebessa-sortie-de-promotions-de-692-agents","status":"publish","type":"post","link":"https:\/\/linitiative.ca\/International\/ecoles-de-police-de-mila-setif-et-tebessa-sortie-de-promotions-de-692-agents\/","title":{"rendered":"Ecoles de police de Mila, S\u00e9tif et T\u00e9bessa  : Sortie de promotions de 692 agents"},"content":{"rendered":"<p>Une c\u00e9r\u00e9monie commune de sortie de promotion de 692 agents des \u00e9coles de police des wilayas de Mila, S\u00e9tif et T\u00e9bessa a \u00e9t\u00e9 organis\u00e9e hier \u00e0 l\u2019Ecole de police de Mila. La c\u00e9r\u00e9monie de ces trois promotions (296 agents de police de l\u2019\u00e9cole de Mila, 202 agents de l\u2019\u00e9cole de T\u00e9bessa et 194 agents de police de l\u2019\u00e9cole de S\u00e9tif) a \u00e9t\u00e9 pr\u00e9sid\u00e9e par l\u2019inspecteur g\u00e9n\u00e9ral de la s\u00fbret\u00e9 nationale, le contr\u00f4leur de police Djamel Ben Derradji, repr\u00e9sentant du directeur g\u00e9n\u00e9ral de la S\u00fbret\u00e9 nationale (DGSN) en pr\u00e9sence des autorit\u00e9s locales. Ces promotions ont \u00e9t\u00e9 baptis\u00e9es au nom du martyr du devoir national, agent de police \u00abAli Bouara\u00bb de la localit\u00e9 Oued Ndja (Mila) assassin\u00e9 en avril 1993 \u00e0 Ain Taya (Alger) dans un attentat terroriste ciblant une brigade de police dont il faisait partie. La famille du d\u00e9funt a \u00e9t\u00e9 honor\u00e9e \u00e0 cette occasion. Le directeur de l\u2019Ecole de police de Mila, Rachid Bouachi, a indiqu\u00e9 \u00e0 cette occasion que les 692 agents de ces promotions avaient re\u00e7u des formations th\u00e9oriques et pratiques dans diverses sp\u00e9cialit\u00e9s de droits et professionnelles appuy\u00e9es par un stage de terrain durant 12 mois. Il a ajout\u00e9 qu\u2019un nombre important des stagiaires de ces promotions ont un niveau universitaire et peuvent acc\u00e9der \u00e0 des grades sup\u00e9rieurs \u00e0 condition de r\u00e9pondre \u00e0 des proc\u00e9dures et crit\u00e8res sp\u00e9cifiques.<br \/>Des exhibitions dans les techniques du self-d\u00e9fense, de combat et de tir au pistolet automatique et autres arts martiaux ont \u00e9t\u00e9 organis\u00e9es lors de cette c\u00e9r\u00e9monie, marqu\u00e9e \u00e9galement par la simulation d\u2019une op\u00e9ration d\u00e9jou\u00e9e de kidnapping d\u2019un enfant.<\/p>\n<p>Auteur: elmoudjahid<br \/>\n<a href=\"http:\/\/www.elmoudjahid.com\/fr\/actualites\/139440\">Cliquez ici pour lire l&rsquo;article depuis sa source.<\/a><\/p>\n","protected":false},"excerpt":{"rendered":"<p>Une c\u00e9r\u00e9monie commune de sortie de promotion de 692 agents des \u00e9coles de police des wilayas de Mila, S\u00e9tif et T\u00e9bessa a \u00e9t\u00e9 organis\u00e9e hier \u00e0 l\u2019Ecole de police de Mila. La c\u00e9r\u00e9monie de ces trois promotions (296 agents de police de l\u2019\u00e9cole de Mila, 202 agents de l\u2019\u00e9cole de T\u00e9bessa et 194 agents de [&hellip;]<\/p>\n","protected":false},"author":1744,"featured_media":0,"comment_status":"closed","ping_status":"closed","sticky":false,"template":"","format":"standard","meta":{"fifu_image_url":"","fifu_image_alt":"","footnotes":""},"categories":[73,53],"tags":[],"class_list":["post-47061","post","type-post","status-publish","format-standard","hentry","category-actualite","category-algerie"],"_links":{"self":[{"href":"https:\/\/linitiative.ca\/International\/wp-json\/wp\/v2\/posts\/47061","targetHints":{"allow":["GET"]}}],"collection":[{"href":"https:\/\/linitiative.ca\/International\/wp-json\/wp\/v2\/posts"}],"about":[{"href":"https:\/\/linitiative.ca\/International\/wp-json\/wp\/v2\/types\/post"}],"author":[{"embeddable":true,"href":"https:\/\/linitiative.ca\/International\/wp-json\/wp\/v2\/users\/1744"}],"replies":[{"embeddable":true,"href":"https:\/\/linitiative.ca\/International\/wp-json\/wp\/v2\/comments?post=47061"}],"version-history":[{"count":0,"href":"https:\/\/linitiative.ca\/International\/wp-json\/wp\/v2\/posts\/47061\/revisions"}],"wp:attachment":[{"href":"https:\/\/linitiative.ca\/International\/wp-json\/wp\/v2\/media?parent=47061"}],"wp:term":[{"taxonomy":"category","embeddable":true,"href":"https:\/\/linitiative.ca\/International\/wp-json\/wp\/v2\/categories?post=47061"},{"taxonomy":"post_tag","embeddable":true,"href":"https:\/\/linitiative.ca\/International\/wp-json\/wp\/v2\/tags?post=47061"}],"curies":[{"name":"wp","href":"https:\/\/api.w.org\/{rel}","templated":true}]}}