{"id":47063,"date":"2019-07-17T19:00:00","date_gmt":"2019-07-17T23:00:00","guid":{"rendered":"https:\/\/linitiative.ca\/International\/croissant-rouge-algerien-formation-de-plus-de-2-000-secouristes\/"},"modified":"2019-07-17T19:00:00","modified_gmt":"2019-07-17T23:00:00","slug":"croissant-rouge-algerien-formation-de-plus-de-2-000-secouristes","status":"publish","type":"post","link":"https:\/\/linitiative.ca\/International\/croissant-rouge-algerien-formation-de-plus-de-2-000-secouristes\/","title":{"rendered":"Croissant-rouge alg\u00e9rien : Formation de plus de 2.000 secouristes"},"content":{"rendered":"<p>Le Croissant-Rouge alg\u00e9rien (CRA) a form\u00e9, dans la wilaya d\u2019Oran, plus de 2.000 personnes de diff\u00e9rents \u00e2ges et couches sociales aux premiers secours, a-t-on appris mardi dernier du chef du comit\u00e9 de wilaya du CRA, Larbi Benmoussa. Le m\u00eame responsable a indiqu\u00e9, en marge de la c\u00e9r\u00e9monie de sortie de secouristes organis\u00e9e \u00e0 la biblioth\u00e8que r\u00e9gionale (ex-Cath\u00e9drale), que le CRA a form\u00e9 \u00e0 Oran plus de 2.000 personnes aux premiers secours depuis 2016 dont des \u00e9tudiants, des travailleurs, des m\u00e9decins et des femmes aux foyers. Des travailleurs de 20 entreprises \u00e9conomiques et industrielles d\u2019Oran ont b\u00e9n\u00e9fici\u00e9 d\u2019une formation aux premiers secours dont le groupe Sonatrach qui compte plus de 100 secouristes, a ajout\u00e9 M. Benmoussa. Le comit\u00e9 de wilaya du CRA \u0153uvre \u00e0 \u00e9largir l\u2019op\u00e9ration par la formation d\u2019un secouriste par famille, selon la m\u00eame source, qui a not\u00e9 que le CRA \u0153uvre \u00e0 cr\u00e9er des branches au niveau des communes pour diffuser la culture de secourisme dans la soci\u00e9t\u00e9. La c\u00e9r\u00e9monie de sortie s\u2019est d\u00e9roul\u00e9e en pr\u00e9sence de repr\u00e9sentants des directions de la s\u00fbret\u00e9, de la protection civile, de l\u2019action sociale et des b\u00e9n\u00e9voles et a \u00e9t\u00e9 marqu\u00e9e par la remise de dipl\u00f4mes \u00e0 62 secouristes qui ont suivi derni\u00e8rement une formation aux premiers secours supervis\u00e9e par des m\u00e9decins du Croissant-rouge alg\u00e9rien d\u2019Oran.<br \/>\u00a0<\/p>\n<p>Auteur: elmoudjahid<br \/>\n<a href=\"http:\/\/www.elmoudjahid.com\/fr\/actualites\/139442\">Cliquez ici pour lire l&rsquo;article depuis sa source.<\/a><\/p>\n","protected":false},"excerpt":{"rendered":"<p>Le Croissant-Rouge alg\u00e9rien (CRA) a form\u00e9, dans la wilaya d\u2019Oran, plus de 2.000 personnes de diff\u00e9rents \u00e2ges et couches sociales aux premiers secours, a-t-on appris mardi dernier du chef du comit\u00e9 de wilaya du CRA, Larbi Benmoussa. Le m\u00eame responsable a indiqu\u00e9, en marge de la c\u00e9r\u00e9monie de sortie de secouristes organis\u00e9e \u00e0 la biblioth\u00e8que [&hellip;]<\/p>\n","protected":false},"author":1744,"featured_media":0,"comment_status":"closed","ping_status":"closed","sticky":false,"template":"","format":"standard","meta":{"fifu_image_url":"","fifu_image_alt":"","footnotes":""},"categories":[73,53],"tags":[],"class_list":["post-47063","post","type-post","status-publish","format-standard","hentry","category-actualite","category-algerie"],"_links":{"self":[{"href":"https:\/\/linitiative.ca\/International\/wp-json\/wp\/v2\/posts\/47063","targetHints":{"allow":["GET"]}}],"collection":[{"href":"https:\/\/linitiative.ca\/International\/wp-json\/wp\/v2\/posts"}],"about":[{"href":"https:\/\/linitiative.ca\/International\/wp-json\/wp\/v2\/types\/post"}],"author":[{"embeddable":true,"href":"https:\/\/linitiative.ca\/International\/wp-json\/wp\/v2\/users\/1744"}],"replies":[{"embeddable":true,"href":"https:\/\/linitiative.ca\/International\/wp-json\/wp\/v2\/comments?post=47063"}],"version-history":[{"count":0,"href":"https:\/\/linitiative.ca\/International\/wp-json\/wp\/v2\/posts\/47063\/revisions"}],"wp:attachment":[{"href":"https:\/\/linitiative.ca\/International\/wp-json\/wp\/v2\/media?parent=47063"}],"wp:term":[{"taxonomy":"category","embeddable":true,"href":"https:\/\/linitiative.ca\/International\/wp-json\/wp\/v2\/categories?post=47063"},{"taxonomy":"post_tag","embeddable":true,"href":"https:\/\/linitiative.ca\/International\/wp-json\/wp\/v2\/tags?post=47063"}],"curies":[{"name":"wp","href":"https:\/\/api.w.org\/{rel}","templated":true}]}}