{"id":47064,"date":"2019-07-17T19:00:00","date_gmt":"2019-07-17T23:00:00","guid":{"rendered":"https:\/\/linitiative.ca\/International\/lutte-contre-le-terrorisme-en-afrique-moscou-plaide-pour-la-creation-dune-coalition-veritable\/"},"modified":"2019-07-17T19:00:00","modified_gmt":"2019-07-17T23:00:00","slug":"lutte-contre-le-terrorisme-en-afrique-moscou-plaide-pour-la-creation-dune-coalition-veritable","status":"publish","type":"post","link":"https:\/\/linitiative.ca\/International\/lutte-contre-le-terrorisme-en-afrique-moscou-plaide-pour-la-creation-dune-coalition-veritable\/","title":{"rendered":"Lutte contre le terrorisme en Afrique :  Moscou plaide pour la cr\u00e9ation d\u2019une coalition v\u00e9ritable"},"content":{"rendered":"<p>S&rsquo;exprimant, lors d&rsquo;une conf\u00e9rence de presse conjointe avec son homologue ivoirien, Marcel Amon-Tanoh, le ministre russe des Affaires \u00e9trang\u00e8res, Sergue\u00ef Lavrov, a soulign\u00e9 que la Russie pr\u00f4nait un certain nombre d&rsquo;initiatives dans le cadre de la guerre contre le terrorisme, notamment la cr\u00e9ation d&rsquo;une coalition v\u00e9ritablement mondiale contre le terrorisme, \u00abexempte de deux poids, deux mesures\u00bb, a indiqu\u00e9 l&rsquo;agence Tass. \u00abSur le plan pratique, notre comit\u00e9 national antiterroriste, qui rel\u00e8ve du FSB de Russie, a cr\u00e9\u00e9 une base de donn\u00e9es permettant de suivre le mouvement de groupes terroristes \u00e9trangers.<br \/>C\u2019est une t\u00e2che tr\u00e8s urgente, car des terroristes se rendent en Libye et en Afghanistan, puis dans des pays d\u2019Asie centrale et m\u00eame d\u2019Asie du Sud-Est\u00bb, a soulign\u00e9 le chef de la diplomatie russe. M. Lavrov a ajout\u00e9 que la base de donn\u00e9es cr\u00e9\u00e9e par la Russie concerne d\u00e9j\u00e0 environ 40 services de renseignement de 35 pays, ainsi qu\u2019Interpol, le Comit\u00e9 contre le terrorisme du Conseil de s\u00e9curit\u00e9 des Nations unies et la structure antiterroriste r\u00e9gionale de l\u2019Organisation de coop\u00e9ration de Shangha\u00ef. \u00abNous invitons nos amis africains \u00e0 se joindre au projet\u00bb, a affirm\u00e9 M. Lavrov, pr\u00e9cisant que \u00able projet pourrait pr\u00e9senter un int\u00e9r\u00eat particulier pour les pays africains, car, bien que la menace du groupe terroriste autoproclam\u00e9 \u00ab\u00c9tat islamique (Daech\/EI)\u00bb ait \u00e9t\u00e9 \u00e9limin\u00e9e, des unit\u00e9s extr\u00e9mistes continuent d&rsquo;envoyer leurs \u00e9l\u00e9ments dans les pays voisins et m\u00eame \u00e9loign\u00e9s\u00bb, ce qui constitue, a-t-il signal\u00e9, \u00abune r\u00e9elle menace pour le continent africain\u00bb. Indiquant avoir focalis\u00e9 les discussions sur la s\u00e9curit\u00e9 en Afrique avec son homologue ivoirien, le chef de la diplomatie russe a relev\u00e9, en outre, que les pratiques des groupes terroristes actifs en Afrique, tels que les Shabab, Boko Haram et Al-Qa\u00efda au Maghreb Islamique, montrent que les activit\u00e9s terroristes se d\u00e9veloppent sur le continent africain et que ces organisations terroristes coordonnent leurs plans malveillants\u00bb. \u00abLa lutte contre tous groupes est tr\u00e8s importante, en particulier pour la r\u00e9solution des conflits, car des menaces \u00e9manant de groupes terroristes et extr\u00e9mistes apparaissent dans divers conflits, notamment en Somalie, au Mali et dans la r\u00e9gion du Sahel\u00bb, a rappel\u00e9 le ministre russe.<\/p>\n<p>Auteur: elmoudjahid<br \/>\n<a href=\"http:\/\/www.elmoudjahid.com\/fr\/actualites\/139443\">Cliquez ici pour lire l&rsquo;article depuis sa source.<\/a><\/p>\n","protected":false},"excerpt":{"rendered":"<p>S&rsquo;exprimant, lors d&rsquo;une conf\u00e9rence de presse conjointe avec son homologue ivoirien, Marcel Amon-Tanoh, le ministre russe des Affaires \u00e9trang\u00e8res, Sergue\u00ef Lavrov, a soulign\u00e9 que la Russie pr\u00f4nait un certain nombre d&rsquo;initiatives dans le cadre de la guerre contre le terrorisme, notamment la cr\u00e9ation d&rsquo;une coalition v\u00e9ritablement mondiale contre le terrorisme, \u00abexempte de deux poids, deux [&hellip;]<\/p>\n","protected":false},"author":1744,"featured_media":0,"comment_status":"closed","ping_status":"closed","sticky":false,"template":"","format":"standard","meta":{"fifu_image_url":"","fifu_image_alt":"","footnotes":""},"categories":[73,53],"tags":[],"class_list":["post-47064","post","type-post","status-publish","format-standard","hentry","category-actualite","category-algerie"],"_links":{"self":[{"href":"https:\/\/linitiative.ca\/International\/wp-json\/wp\/v2\/posts\/47064","targetHints":{"allow":["GET"]}}],"collection":[{"href":"https:\/\/linitiative.ca\/International\/wp-json\/wp\/v2\/posts"}],"about":[{"href":"https:\/\/linitiative.ca\/International\/wp-json\/wp\/v2\/types\/post"}],"author":[{"embeddable":true,"href":"https:\/\/linitiative.ca\/International\/wp-json\/wp\/v2\/users\/1744"}],"replies":[{"embeddable":true,"href":"https:\/\/linitiative.ca\/International\/wp-json\/wp\/v2\/comments?post=47064"}],"version-history":[{"count":0,"href":"https:\/\/linitiative.ca\/International\/wp-json\/wp\/v2\/posts\/47064\/revisions"}],"wp:attachment":[{"href":"https:\/\/linitiative.ca\/International\/wp-json\/wp\/v2\/media?parent=47064"}],"wp:term":[{"taxonomy":"category","embeddable":true,"href":"https:\/\/linitiative.ca\/International\/wp-json\/wp\/v2\/categories?post=47064"},{"taxonomy":"post_tag","embeddable":true,"href":"https:\/\/linitiative.ca\/International\/wp-json\/wp\/v2\/tags?post=47064"}],"curies":[{"name":"wp","href":"https:\/\/api.w.org\/{rel}","templated":true}]}}