{"id":47065,"date":"2019-07-17T19:00:00","date_gmt":"2019-07-17T23:00:00","guid":{"rendered":"https:\/\/linitiative.ca\/International\/implication-du-maroc-dans-le-trafic-de-drogues-un-danger-direct-pour-la-paix-et-la-securite\/"},"modified":"2019-07-17T19:00:00","modified_gmt":"2019-07-17T23:00:00","slug":"implication-du-maroc-dans-le-trafic-de-drogues-un-danger-direct-pour-la-paix-et-la-securite","status":"publish","type":"post","link":"https:\/\/linitiative.ca\/International\/implication-du-maroc-dans-le-trafic-de-drogues-un-danger-direct-pour-la-paix-et-la-securite\/","title":{"rendered":"Implication du Maroc dans le trafic de drogues : Un danger direct pour la paix et la s\u00e9curit\u00e9"},"content":{"rendered":"<p><strong>Le repr\u00e9sentant du Front Polisario aux Nations unies, Sidi Mohamed Amar, a affirm\u00e9, mardi, que l&rsquo;implication de l&rsquo;arm\u00e9e marocaine dans le trafic de drogue et dans la traite humaines constituaient \u00abune menace directe\u00bb pour la paix et la s\u00e9curit\u00e9 r\u00e9gionales et internationales, exhortant le Conseil de s\u00e9curit\u00e9 de l&rsquo;Organisation des Nations unies \u00e0 exercer une pression sur le Maroc afin de cesser ces pratiques qui attentent \u00e0 la s\u00e9curit\u00e9 de ses voisins et de la r\u00e9gion toute enti\u00e8re.<\/strong><\/p>\n<p>Cette d\u00e9claration est intervenue dans un message adress\u00e9 au repr\u00e9sentant permanent du P\u00e9rou aupr\u00e8s de l&rsquo;ONU, Gustavo Meza-Cuadra, qui assure la pr\u00e9sidence tournante du Conseil de s\u00e9curit\u00e9 de l&rsquo;ONU, et ce suite \u00e0 l&rsquo;op\u00e9ration men\u00e9e r\u00e9cemment par les unit\u00e9s de l&rsquo;Arm\u00e9e de lib\u00e9ration populaire sahraouie (ALPS), dans le cadre de la lutte contre le trafic de drogues et le crime organis\u00e9, qui s&rsquo;\u00e9tait sold\u00e9e par la saisie d&rsquo;une quantit\u00e9 importante de drogues marocaines et d&rsquo;armes.<br \/>Le repr\u00e9sentant du Front Polisario a affirm\u00e9 que \u00abl&rsquo;implication de l&rsquo;arm\u00e9e marocaine dans le trafic de drogues et la traite d&rsquo;\u00eatres humains\u00bb constituaient \u00abune menace directe \u00e0 la paix et la s\u00e9curit\u00e9 r\u00e9gionales et internationales\u00bb. \u00abLe trafic de drogue est devenu, au cours de la derni\u00e8re d\u00e9cennie, une principale source de financement pour les groupes terroristes et les bandes du crime organis\u00e9 activant dans la r\u00e9gion du Sahel et du Sahara\u00bb, a-t-il ajout\u00e9.<br \/>M. Sidi Mohamed Amar a rappel\u00e9, dans ce sens, que le Maroc occupait la premi\u00e8re place sur la liste des pays producteurs et exportateurs du cannabis dans le monde, selon plusieurs rapports internationaux. M. Mohamed Amar a fustig\u00e9 \u00abl&rsquo;ouverture par le Maroc de plusieurs points de passage dans la r\u00e9gion d&rsquo;El-Guergarat, au sud du Sahara occidental, pour faciliter le transit de marchandises prohib\u00e9es, y compris la drogue\u00bb, notant que des centaines de camions et de v\u00e9hicules traversent quotidiennement cette zone tampon vers les fronti\u00e8res mauritaniennes et au-del\u00e0, ce qui constitue une violation directe de l&rsquo;accord de cessez-le-feu et de la convention militaire N 1. Il a affirm\u00e9, \u00e0 ce propos, que \u00abla RASD, partant de ses engagements en tant qu&rsquo;\u00c9tat membre de l&rsquo;Union africaine, \u0153uvrait au renforcement des op\u00e9rations de lutte contre le trafic de drogues, \u00e0 travers l&rsquo;ensemble des territoires sahraouis lib\u00e9r\u00e9s, et \u00e0 la consolidation de la coop\u00e9ration avec les pays voisins, \u00e0 cet effet\u00bb. \u00abNous exhortons le Conseil de s\u00e9curit\u00e9 \u00e0 faire pression sur le Maroc, pour l&rsquo;amener \u00e0 assumer ses responsabilit\u00e9s r\u00e9gionale et internationale, et \u00e0 cesser ces actes d\u00e9stabilisants et mena\u00e7ants pour la s\u00e9curit\u00e9 et la stabilit\u00e9 des pays voisins et de la r\u00e9gion tout enti\u00e8re\u00bb, a \u00e9crit M. Sidi Mohamed Amar, dans son message.<br \/>\u00a0<\/p>\n<p>Auteur: elmoudjahid<br \/>\n<a href=\"http:\/\/www.elmoudjahid.com\/fr\/actualites\/139444\">Cliquez ici pour lire l&rsquo;article depuis sa source.<\/a><\/p>\n","protected":false},"excerpt":{"rendered":"<p>Le repr\u00e9sentant du Front Polisario aux Nations unies, Sidi Mohamed Amar, a affirm\u00e9, mardi, que l&rsquo;implication de l&rsquo;arm\u00e9e marocaine dans le trafic de drogue et dans la traite humaines constituaient \u00abune menace directe\u00bb pour la paix et la s\u00e9curit\u00e9 r\u00e9gionales et internationales, exhortant le Conseil de s\u00e9curit\u00e9 de l&rsquo;Organisation des Nations unies \u00e0 exercer une [&hellip;]<\/p>\n","protected":false},"author":1744,"featured_media":0,"comment_status":"closed","ping_status":"closed","sticky":false,"template":"","format":"standard","meta":{"fifu_image_url":"","fifu_image_alt":"","footnotes":""},"categories":[73,53],"tags":[],"class_list":["post-47065","post","type-post","status-publish","format-standard","hentry","category-actualite","category-algerie"],"_links":{"self":[{"href":"https:\/\/linitiative.ca\/International\/wp-json\/wp\/v2\/posts\/47065","targetHints":{"allow":["GET"]}}],"collection":[{"href":"https:\/\/linitiative.ca\/International\/wp-json\/wp\/v2\/posts"}],"about":[{"href":"https:\/\/linitiative.ca\/International\/wp-json\/wp\/v2\/types\/post"}],"author":[{"embeddable":true,"href":"https:\/\/linitiative.ca\/International\/wp-json\/wp\/v2\/users\/1744"}],"replies":[{"embeddable":true,"href":"https:\/\/linitiative.ca\/International\/wp-json\/wp\/v2\/comments?post=47065"}],"version-history":[{"count":0,"href":"https:\/\/linitiative.ca\/International\/wp-json\/wp\/v2\/posts\/47065\/revisions"}],"wp:attachment":[{"href":"https:\/\/linitiative.ca\/International\/wp-json\/wp\/v2\/media?parent=47065"}],"wp:term":[{"taxonomy":"category","embeddable":true,"href":"https:\/\/linitiative.ca\/International\/wp-json\/wp\/v2\/categories?post=47065"},{"taxonomy":"post_tag","embeddable":true,"href":"https:\/\/linitiative.ca\/International\/wp-json\/wp\/v2\/tags?post=47065"}],"curies":[{"name":"wp","href":"https:\/\/api.w.org\/{rel}","templated":true}]}}