{"id":47067,"date":"2019-07-17T19:00:00","date_gmt":"2019-07-17T23:00:00","guid":{"rendered":"https:\/\/linitiative.ca\/International\/station-de-dessalement-del-hilal-a-ain-temouchent-renforcement-des-capacites\/"},"modified":"2019-07-17T19:00:00","modified_gmt":"2019-07-17T23:00:00","slug":"station-de-dessalement-del-hilal-a-ain-temouchent-renforcement-des-capacites","status":"publish","type":"post","link":"https:\/\/linitiative.ca\/International\/station-de-dessalement-del-hilal-a-ain-temouchent-renforcement-des-capacites\/","title":{"rendered":"Station de dessalement d\u2019El-Hilal \u00e0 A\u00efn T\u00e9mouchent  : Renforcement des capacit\u00e9s"},"content":{"rendered":"<p>Une enveloppe de 3 millions de dollars a \u00e9t\u00e9 d\u00e9bloqu\u00e9e pour renforcer les capacit\u00e9s de production de la station de dessalement situ\u00e9e sur la plage El-Hilal, avec 20.000 m\u00e8tres cubes d\u2019eau suppl\u00e9mentaires, a-t-on appris du pr\u00e9sident-directeur g\u00e9n\u00e9ral de l\u2019entreprise \u00abBeni Saf Water Company\u00bb, qui g\u00e8re cette station.<br \/>\u00abL\u2019extension de cette station vise \u00e0 r\u00e9duire le probl\u00e8me d&rsquo;arr\u00eat technique et \u00e0 maintenir la production \u00e0 200.000 m3\/jour \u00e0 longueur d\u2019ann\u00e9e\u00bb, a soulign\u00e9 Jos\u00e9 Minguillon Fouteza, en marge de la mise en exploitation du parc d\u2019attractions et de loisirs r\u00e9alis\u00e9 par son entreprise sur la plage. \u00abLes travaux seront lanc\u00e9s dans un mois et r\u00e9ceptionn\u00e9s dans un d\u00e9lai de neuf mois\u00bb, a fait savoir le PDG de \u00abBeni Saf Water Company\u00bb, qui occupe aussi le poste de repr\u00e9sentant de la soci\u00e9t\u00e9 \u00abCobra\u00bb au Maghreb.<br \/>M. Minguillon a \u00e9galement indiqu\u00e9 que la pr\u00e9paration du projet d\u2019\u00e9quipement de la station de dessalement de l\u2019eau de mer d\u2019El-Hilal en technologies, pour \u00eatre la premi\u00e8re du genre au niveau national \u00e0 fonctionner en \u00e9nergie renouvelable, vise \u00e0 rationaliser la consommation \u00e9nerg\u00e9tique surtout dans le domaine de l\u2019\u00e9lectricit\u00e9. Le m\u00eame responsable a r\u00e9it\u00e9r\u00e9 son int\u00e9r\u00eat pour la promotion de la formation, soulignant que plusieurs conventions de coop\u00e9ration lient son entreprise \u00e0 l\u2019universit\u00e9 d\u2019Oran, au centre universitaire d&rsquo;A\u00efn T\u00e9mouchent et aux universit\u00e9s espagnoles pour la promotion de la recherche scientifique et des domaines de coop\u00e9ration.<br \/>La station de dessalement de l\u2019eau de mer de la plage d\u2019El-Hilal dispose d\u2019un centre de formation qui a accueilli, cette ann\u00e9e, 15 \u00e9tudiants en master qui seront accompagn\u00e9s dans le domaine de leurs recherches pratiques et th\u00e8ses sur l\u2019eau et le dessalement de l\u2019eau de mer, a-t-il indiqu\u00e9. \u00c0 propos du parc d\u2019attraction et de loisirs r\u00e9alis\u00e9 par l\u2019entreprise \u00abBeni Saf Water Company\u00bb, \u00e0 titre de don \u00e0 la commune de Sidi Benadda (A\u00efn T\u00e9mouchent), le m\u00eame responsable a soulign\u00e9 que cette infrastructure intervient dans le cadre de la promotion des moyens de coop\u00e9ration au service de la population locale et les invit\u00e9s de la wilaya dont les estivants.<br \/>Jos\u00e9 Minguillon a fait savoir que ce parc est le deuxi\u00e8me du genre \u00e0 \u00eatre r\u00e9alis\u00e9 \u00e0 A\u00efn T\u00e9mouchent apr\u00e8s celui concr\u00e9tis\u00e9 par cette soci\u00e9t\u00e9 \u00e0 proximit\u00e9 de la Direction de l\u2019environnement, au chef-lieu de wilaya. La c\u00e9r\u00e9monie de mise en service de ce parc a \u00e9t\u00e9 marqu\u00e9e par la pr\u00e9sence des autorit\u00e9s, de repr\u00e9sentants de plusieurs associations environnementales et touristiques et du consul g\u00e9n\u00e9ral d\u2019Espagne \u00e0 Oran, Alvaro Vermoet Hidalgo.<\/p>\n<p>Auteur: elmoudjahid<br \/>\n<a href=\"http:\/\/www.elmoudjahid.com\/fr\/actualites\/139446\">Cliquez ici pour lire l&rsquo;article depuis sa source.<\/a><\/p>\n","protected":false},"excerpt":{"rendered":"<p>Une enveloppe de 3 millions de dollars a \u00e9t\u00e9 d\u00e9bloqu\u00e9e pour renforcer les capacit\u00e9s de production de la station de dessalement situ\u00e9e sur la plage El-Hilal, avec 20.000 m\u00e8tres cubes d\u2019eau suppl\u00e9mentaires, a-t-on appris du pr\u00e9sident-directeur g\u00e9n\u00e9ral de l\u2019entreprise \u00abBeni Saf Water Company\u00bb, qui g\u00e8re cette station.\u00abL\u2019extension de cette station vise \u00e0 r\u00e9duire le probl\u00e8me [&hellip;]<\/p>\n","protected":false},"author":1744,"featured_media":0,"comment_status":"closed","ping_status":"closed","sticky":false,"template":"","format":"standard","meta":{"fifu_image_url":"","fifu_image_alt":"","footnotes":""},"categories":[73,53],"tags":[],"class_list":["post-47067","post","type-post","status-publish","format-standard","hentry","category-actualite","category-algerie"],"_links":{"self":[{"href":"https:\/\/linitiative.ca\/International\/wp-json\/wp\/v2\/posts\/47067","targetHints":{"allow":["GET"]}}],"collection":[{"href":"https:\/\/linitiative.ca\/International\/wp-json\/wp\/v2\/posts"}],"about":[{"href":"https:\/\/linitiative.ca\/International\/wp-json\/wp\/v2\/types\/post"}],"author":[{"embeddable":true,"href":"https:\/\/linitiative.ca\/International\/wp-json\/wp\/v2\/users\/1744"}],"replies":[{"embeddable":true,"href":"https:\/\/linitiative.ca\/International\/wp-json\/wp\/v2\/comments?post=47067"}],"version-history":[{"count":0,"href":"https:\/\/linitiative.ca\/International\/wp-json\/wp\/v2\/posts\/47067\/revisions"}],"wp:attachment":[{"href":"https:\/\/linitiative.ca\/International\/wp-json\/wp\/v2\/media?parent=47067"}],"wp:term":[{"taxonomy":"category","embeddable":true,"href":"https:\/\/linitiative.ca\/International\/wp-json\/wp\/v2\/categories?post=47067"},{"taxonomy":"post_tag","embeddable":true,"href":"https:\/\/linitiative.ca\/International\/wp-json\/wp\/v2\/tags?post=47067"}],"curies":[{"name":"wp","href":"https:\/\/api.w.org\/{rel}","templated":true}]}}