{"id":47070,"date":"2019-07-18T10:02:09","date_gmt":"2019-07-18T14:02:09","guid":{"rendered":"https:\/\/linitiative.ca\/International\/92115-can-2019-algerie-senegal-l-arbitre-gomes-remplace-par-le-camerounais-alioum-alioum\/"},"modified":"2019-07-18T10:02:09","modified_gmt":"2019-07-18T14:02:09","slug":"92115-can-2019-algerie-senegal-l-arbitre-gomes-remplace-par-le-camerounais-alioum-alioum","status":"publish","type":"post","link":"https:\/\/linitiative.ca\/International\/92115-can-2019-algerie-senegal-l-arbitre-gomes-remplace-par-le-camerounais-alioum-alioum\/","title":{"rendered":"CAN-2019\/Alg\u00e9rie-S\u00e9n\u00e9gal: l&rsquo;arbitre Gomes remplac\u00e9 par le Camerounais Alioum Alioum"},"content":{"rendered":"<div>\n<div class=\"K2FeedIntroText\">\n<p><strong>LE CAIRE &#8211; L&rsquo;arbitre camerounais Alioum Alioum dirigera finalement la finale de la Coupe d&rsquo;Afrique des Nations de football (CAN-2019), entre l&rsquo;Alg\u00e9rie et le S\u00e9n\u00e9gal, en remplacement du Sud-africain, Victor Gomes, a d\u00e9cid\u00e9 la Conf\u00e9d\u00e9ration africaine (CAF), la veille de la rencontre, pr\u00e9vue vendredi \u00e0 20h00 (heure alg\u00e9rienne) au stade International du Caire.<\/strong><\/p>\n<\/div>\n<div class=\"K2FeedFullText\">\n<p>D&rsquo;apr\u00e8s un document officiel de l&rsquo;instance africaine qui a fuit\u00e9 sur les r\u00e9seaux sociaux, c&rsquo;est Alioum Alioum qui sera le directeur du jeu, et sera assist\u00e9 par ses compatriotes Menkouand\u00e9 Evarist et Elvis Noupue, alors que le quatri\u00e8me arbitre sera le gabonais Eric Otogo Castane.<\/p>\n<p>La CAF a \u00e9galement supprim\u00e9 le tweet qui annon\u00e7ait que Monsieur Victor Gomes (36 ans) dirigerait la finale.<\/p>\n<p>International depuis 2008 et prenant part \u00e0 sa cinqui\u00e8me Coupe d\u2019Afrique apr\u00e8s 2012, 2013, 2015 et 2017, le Camerounais Alioum Alioum (37 ans) a notamment arbitr\u00e9 le match d\u2019ouverture de cette CAN entre l\u2019Egypte et le Zimbabwe (1-0), ainsi que la rencontre de la phase de groupes qui a oppos\u00e9 le Maroc \u00e0 la C\u00f4te d\u2019Ivoire (1-0). Il avait \u00e9t\u00e9, aussi, d\u00e9sign\u00e9 4e arbitre lors des deux derniers matchs de l&rsquo;Alg\u00e9rie face \u00e0 la C\u00f4te d&rsquo;Ivoire et au Nigeria.<\/p>\n<\/div>\n<p><img loading=\"lazy\" decoding=\"async\" src=\"http:\/\/feeds.feedburner.com\/~r\/aps-sport\/~4\/jqw5cFdROlw\" height=\"1\" width=\"1\" alt=\"\"><\/div>\n<p>Auteur:<br \/>\n<a href=\"http:\/\/www.aps.dz\/sport\/92115-can-2019-algerie-senegal-l-arbitre-gomes-remplace-par-le-camerounais-alioum-alioum?utm_source=feedburner&#038;utm_medium=feed&#038;utm_campaign=Feed%3A+aps-sport+%28APS+-+SPORT%29\">Cliquez ici pour lire l&rsquo;article depuis sa source.<\/a><\/p>\n","protected":false},"excerpt":{"rendered":"<p>LE CAIRE &#8211; L&rsquo;arbitre camerounais Alioum Alioum dirigera finalement la finale de la Coupe d&rsquo;Afrique des Nations de football (CAN-2019), entre l&rsquo;Alg\u00e9rie et le S\u00e9n\u00e9gal, en remplacement du Sud-africain, Victor Gomes, a d\u00e9cid\u00e9 la Conf\u00e9d\u00e9ration africaine (CAF), la veille de la rencontre, pr\u00e9vue vendredi \u00e0 20h00 (heure alg\u00e9rienne) au stade International du Caire. D&rsquo;apr\u00e8s un [&hellip;]<\/p>\n","protected":false},"author":1790,"featured_media":0,"comment_status":"closed","ping_status":"closed","sticky":false,"template":"","format":"standard","meta":{"fifu_image_url":"","fifu_image_alt":"","footnotes":""},"categories":[53,75],"tags":[],"class_list":["post-47070","post","type-post","status-publish","format-standard","hentry","category-algerie","category-sport"],"_links":{"self":[{"href":"https:\/\/linitiative.ca\/International\/wp-json\/wp\/v2\/posts\/47070","targetHints":{"allow":["GET"]}}],"collection":[{"href":"https:\/\/linitiative.ca\/International\/wp-json\/wp\/v2\/posts"}],"about":[{"href":"https:\/\/linitiative.ca\/International\/wp-json\/wp\/v2\/types\/post"}],"author":[{"embeddable":true,"href":"https:\/\/linitiative.ca\/International\/wp-json\/wp\/v2\/users\/1790"}],"replies":[{"embeddable":true,"href":"https:\/\/linitiative.ca\/International\/wp-json\/wp\/v2\/comments?post=47070"}],"version-history":[{"count":0,"href":"https:\/\/linitiative.ca\/International\/wp-json\/wp\/v2\/posts\/47070\/revisions"}],"wp:attachment":[{"href":"https:\/\/linitiative.ca\/International\/wp-json\/wp\/v2\/media?parent=47070"}],"wp:term":[{"taxonomy":"category","embeddable":true,"href":"https:\/\/linitiative.ca\/International\/wp-json\/wp\/v2\/categories?post=47070"},{"taxonomy":"post_tag","embeddable":true,"href":"https:\/\/linitiative.ca\/International\/wp-json\/wp\/v2\/tags?post=47070"}],"curies":[{"name":"wp","href":"https:\/\/api.w.org\/{rel}","templated":true}]}}