{"id":47073,"date":"2019-07-18T10:11:50","date_gmt":"2019-07-18T14:11:50","guid":{"rendered":"https:\/\/linitiative.ca\/International\/92118-can-2019-a-j-1-de-la-finale-les-algeriens-retiennent-leur-souffle\/"},"modified":"2019-07-18T10:11:50","modified_gmt":"2019-07-18T14:11:50","slug":"92118-can-2019-a-j-1-de-la-finale-les-algeriens-retiennent-leur-souffle","status":"publish","type":"post","link":"https:\/\/linitiative.ca\/International\/92118-can-2019-a-j-1-de-la-finale-les-algeriens-retiennent-leur-souffle\/","title":{"rendered":"CAN-2019: \u00e0 J-1 de la finale, les Alg\u00e9riens retiennent leur souffle"},"content":{"rendered":"<div>\n<div class=\"K2FeedImage\"><img decoding=\"async\" src=\"http:\/\/www.aps.dz\/media\/k2\/items\/cache\/b1551995826406e8a802710c5163222e_S.jpg\" alt=\"CAN-2019: \u00e0 J-1 de la finale, les Alg\u00e9riens retiennent leur souffle\"><\/div>\n<div class=\"K2FeedIntroText\">\n<p><strong>ALGER &#8211; \u00ab\u00a0L&rsquo;heure d&rsquo;un 2\u00e8 troph\u00e9e africain a sonn\u00e9\u00a0\u00bb, s&rsquo;accordent \u00e0 lancer avec d\u00e9termination les supporters alg\u00e9riens, qui souhaitent ardemment voir l&rsquo;\u00e9quipe nationale de football triompher face au S\u00e9n\u00e9gal, \u00e0 un peu plus de 24 heures de la finale de la Coupe d&rsquo;Afrique des nations (CAN-2019), vendredi soir au Caire.<\/strong><\/p>\n<\/div>\n<div class=\"K2FeedFullText\">\n<p>A Alger comme dans les autres wilayas d&rsquo;ailleurs, le tournoi de football qu&rsquo;abrite l&rsquo;Egypte depuis presque un mois d\u00e9j\u00e0 est devenu le sujet de pr\u00e9dilection des habitants, notamment depuis la qualification des co\u00e9quipiers de Riyad Mahrez pour la finale face aux \u00ab\u00a0Lions de la Teranga\u00a0\u00bb. Dans les caf\u00e9s, quartiers populaires ou lieux de travail, \u00ab\u00a0LA\u00a0\u00bb finale Alg\u00e9rie-S\u00e9n\u00e9gal est sur toutes les langues. Tout le monde attend avec impatience cette finale, la 3\u00e8 dans les annales du football alg\u00e9rien apr\u00e8s celle de la CAN-1980 perdue au Nigeria face au pays organisateur et celle de l&rsquo;\u00e9dition-1990 remport\u00e9e \u00e0 Alger face au Nigeria toujours.<\/p>\n<p>L&rsquo;optimisme et l&rsquo;esp\u00e9rance fusent des propos de la majorit\u00e9 des citoyens, invit\u00e9s par l&rsquo;APS \u00e0 livrer leurs pronostics sur l&rsquo;issue de la rencontre. Ils esp\u00e8rent tous une deuxi\u00e8me \u00ab\u00a0\u00e9toile africaine\u00a0\u00bb pour l&rsquo;Alg\u00e9rie apr\u00e8s celle remport\u00e9e il y a 19 ans, par Madjer and Co. au stade 5-Juillet face au Nigeria (1-0). La victoire, scell\u00e9e sur un but de l&rsquo;attaquant Cherif Oudjani, avait alors d\u00e9clench\u00e9 une joie indescriptible dans le pays, faisant oublier, un tant soit peu, la d\u00e9faite en finale de la CAN-1980 au Nigeria des co\u00e9quipiers du virevoltant ailier rouquin Salah Assad.<\/p>\n<p>\u00ab\u00a0Belmadi (le s\u00e9lectionneur alg\u00e9rien, ndlr) a form\u00e9 une \u00e9quipe solide, capable de battre le S\u00e9n\u00e9gal en finale. Pas de doute qu&rsquo;il a concoct\u00e9 une tactique pour r\u00e9\u00e9diter ce qu&rsquo;il a r\u00e9alis\u00e9 au premier tour face au m\u00eame adversaire (victoire 1-0, ndlr)\u00a0\u00bb, a indiqu\u00e9 Aziouez, g\u00e9rant d&rsquo;un Caf\u00e9 mitoyen au stade Mohamed-Benhaddad de Benomar \u00e0 Kouba. \u00ab\u00a0Au vu de ce qu&rsquo;a montr\u00e9 la s\u00e9lection nationale lors de ses pr\u00e9c\u00e9dents matches en Egypte, le troph\u00e9e ne devrait pas lui \u00e9chapper\u00a0\u00bb, a-t-il poursuivi.<\/p>\n<p>Khaled, supporter inconditionnel des \u00ab\u00a0Verts\u00a0\u00bb, a affirm\u00e9 pour sa part qu&rsquo;il accordait sa \u00ab\u00a0totale confiance\u00a0\u00bb \u00e0 la ligne d&rsquo;attaque alg\u00e9rienne, men\u00e9e par Mahrez, la star de Manchester City. \u00ab\u00a0Je suis quotidiennement les nouvelles de notre s\u00e9lection nationale \u00e0 travers les diff\u00e9rents m\u00e9dias. J&rsquo;ai not\u00e9 chez les joueurs une grosse envie d&rsquo;arracher la victoire finale\u00a0\u00bb, a-t-il martel\u00e9. Pour \u00e9tayer ses dires, il cite le quatuor Mahrez-Bounedjah-Bela\u00efli-Feghouli, \u00ab\u00a0en mesure de transpercer l&rsquo;arri\u00e8re-garde s\u00e9n\u00e9galaise qui sera, en outre, priv\u00e9e du d\u00e9fenseur de Naples, Koulibaly\u00a0\u00bb, suspendu pour cumul de cartons jaunes.<\/p>\n<hr>\n<h3>Lire aussi:\u00a0<a href=\"http:\/\/www.aps.dz\/sport\/92116-belmadi-can-finale-senegal-algerie-nous-sommes-prets-a-200\" target=\"_blank\" rel=\"noopener noreferrer\">CAN \/S\u00e9n\u00e9gal- Alg\u00e9rie: \u00ab\u00a0Nous sommes pr\u00eats \u00e0 200% \u00ab\u00a0<\/a><\/h3>\n<hr>\n<p>Se joignant \u00e0 la discussion, \u00ab\u00a0Ammi\u00a0\u00bb Dahmane, un septuag\u00e9naire amoureux du ballon rond et fervent supporter du RC Kouba et de l&rsquo;\u00e9quipe nationale, a lui, essay\u00e9 de temp\u00e9rer les ardeurs des \u00ab\u00a0optimistes\u00a0\u00bb qui pronostiquent une victoire facile en finale.<\/p>\n<p>\u00ab\u00a0Le foot n&rsquo;est pas une science exacte. On en a vu des surprises. Nos joueurs doivent prendre tr\u00e8s au s\u00e9rieux l&rsquo;adversaire qui ambitionne lui aussi de remporter sa premi\u00e8re Coupe d&rsquo;Afrique, notamment l&rsquo;entra\u00eeneur (Aliou Ciss\u00e9) qui \u00e9tait capitaine d&rsquo;\u00e9quipe lors de la d\u00e9faite du S\u00e9n\u00e9gal en finale de l&rsquo;\u00e9dition-2002 contre le Cameroun. Il aura \u00e0 coeur de gagner le troph\u00e9e en tant que coach. Donc, restons vigilants\u00a0\u00bb, a-t-il dit, en agitant son index, comme un geste d&rsquo;avertissement adress\u00e9 \u00e0 ses interlocuteurs.<\/p>\n<p>La finale Alg\u00e9rie-S\u00e9n\u00e9gal est tr\u00e8s attendue par les supporters alg\u00e9riens, surtout les jeunes, \u00e0 l&rsquo;image de Merzak, un chauffeur de taxi de 29 ans, dont un petit drapeau alg\u00e9rien orne le c\u00f4t\u00e9 droit de son v\u00e9hicule. \u00ab\u00a0J&rsquo;\u00e9tais b\u00e9b\u00e9, en 1990, lorsque l&rsquo;Alg\u00e9rie avait gagn\u00e9 le troph\u00e9e africain ici \u00e0 Alger. Aujourd&rsquo;hui, je vais pouvoir suivre la finale et participer \u00e0 la victoire. Ni Sadio Man\u00e9, ni les Lions de la Teranga ne nous font peur. Nos \u2018Guerriers\u2019 sauront les avoir\u00a0\u00bb, a-t-il lanc\u00e9 sur une note d&rsquo;humour.<\/p>\n<p>A Belouizdad, habill\u00e9 aux couleurs nationales rouge, blanc et vert, le commerce des produits d\u00e9riv\u00e9s de l&rsquo;\u00e9quipe nationale et des maillots contrefaits des \u00ab\u00a0Verts\u00a0\u00bb a pris de l&rsquo;ampleur, \u00e0 telle enseigne que les gens ne trouvaient plus o\u00f9 mettre les pieds sur les trottoirs.<\/p>\n<p>\u00a0<\/p>\n<p style=\"text-align: center;\"><strong>Gagnant gagnant<\/strong><\/p>\n<p>\u00a0<\/p>\n<p>Les r\u00e9sultats positifs r\u00e9alis\u00e9s par les joueurs de Djamel Belmadi et les d\u00e9corations des \u00e9talages aux couleurs nationales, ont attir\u00e9 l&rsquo;attention des passants amoureux des \u00ab\u00a0Verts\u00a0\u00bb.<\/p>\n<p>Mourad, un jeune vendeur de produits d\u00e9riv\u00e9s \u00e0 l&rsquo;effigie de l&rsquo;\u00e9quipe nationale, estime que les performances des \u00ab\u00a0Fennecs\u00a0\u00bb en Egypte ont cr\u00e9\u00e9 une dynamique \u00ab\u00a0positive\u00a0\u00bb sur les habitants de la capitale. \u00ab\u00a0Nous avons profit\u00e9 du parcours des Verts et leur qualification en finale pour proposer une large gamme de produits qui ont satisfait les clients\u00a0\u00bb.<\/p>\n<p>\u00ab\u00a0Cet exploit sportif a g\u00e9n\u00e9r\u00e9 une forte demande et tous les acteurs du march\u00e9, artisans, commer\u00e7ants et clients, sont contents\u00a0\u00bb, a-t-il poursuivi.<\/p>\n<p>Les supporters des \u00ab\u00a0Verts\u00a0\u00bb ont afflu\u00e9 sur les commerces de fortune improvis\u00e9s sur les trottoirs pour se procurer maillots, fanions, drapeaux et autres produits d\u00e9riv\u00e9s pour soutenir Ra\u00efs M&rsquo;bolhi et ses co\u00e9quipiers dans leur qu\u00eate d&rsquo;une deuxi\u00e8me Coupe d&rsquo;Afrique.<\/p>\n<hr>\n<h3>Lire aussi:\u00a0<a href=\"http:\/\/www.aps.dz\/sport\/92106-can-2019-senegal-algerie-j-2-les-verts-affutent-leurs-armes\" target=\"_blank\" rel=\"noopener noreferrer\">CAN-2019\/S\u00e9n\u00e9gal &#8211; Alg\u00e9rie (J-2) : les \u00ab\u00a0Verts\u00a0\u00bb aff\u00fbtent leurs armes<\/a><\/h3>\n<hr>\n<p>Abdelhamid, p\u00e8re de famille en pleine tractation pour l&rsquo;achat d&rsquo;un jeu de maillot floqu\u00e9 du num\u00e9ro 8 de Bela\u00efli \u00e0 son fils Wassim (5 ans), estime que les prix sont relativement acceptables. \u00ab\u00a01900 dinars pour cette tenue compl\u00e8te est un prix raisonnable, d&rsquo;autant plus que Bela\u00efli r\u00e9alise une grande CAN. J&rsquo;ai aussi achet\u00e9 un fanion pour d\u00e9corer ma voiture en pr\u00e9vision de la grande f\u00eate\u00a0\u00bb.<\/p>\n<p>Pour sa part, Abdelhak (31 ans), qui s&rsquo;est procur\u00e9 une casquette \u00e0 300 dinars, a li\u00e9 le parcours des \u00ab\u00a0Verts\u00a0\u00bb au mouvement de contestation (\u00ab\u00a0Hirak\u00a0\u00bb) que traverse l&rsquo;Alg\u00e9rie depuis le 22 f\u00e9vrier pour revendiquer le changement du syst\u00e8me politique en place dans le pays.<\/p>\n<p>\u00ab\u00a0Cette casquette de l&rsquo;Alg\u00e9rie va me prot\u00e9ger du soleil lors des marches populaires de chaque vendredi. Nous sommes \u00e0 fond derri\u00e8re notre \u00e9quipe nationale pour aller d\u00e9crocher le troph\u00e9e et ainsi procurer de la joie au peuple, sans oublier nos revendications politiques car nous voulons que l&rsquo;Alg\u00e9rie s&rsquo;\u00e9panouisse dans tous les domaines\u00a0\u00bb, a-t-il dit.<\/p>\n<p>A J-1 du \u00ab\u00a0big\u00a0\u00bb match, les Alg\u00e9riens s&rsquo;affairent aux derniers pr\u00e9paratifs avant la finale, avec l&rsquo;installation d&rsquo;\u00e9crans g\u00e9ants pour voir le match ensemble, ou encore en d\u00e9corant leurs balcons aux couleurs nationales.<\/p>\n<p>Vendredi, tous les regards seront tourn\u00e9s vers le stade international du Caire qui sera \u00e0 partir de 20h00 le th\u00e9\u00e2tre de la finale de la 32e \u00e9dition de la CAN entre l&rsquo;Alg\u00e9rie et le S\u00e9n\u00e9gal.<\/p>\n<\/div>\n<p><img loading=\"lazy\" decoding=\"async\" src=\"http:\/\/feeds.feedburner.com\/~r\/aps-sport\/~4\/WAMH8QYcaU4\" height=\"1\" width=\"1\" alt=\"\"><\/div>\n<p>Auteur:<br \/>\n<a href=\"http:\/\/www.aps.dz\/sport\/92118-can-2019-a-j-1-de-la-finale-les-algeriens-retiennent-leur-souffle?utm_source=feedburner&#038;utm_medium=feed&#038;utm_campaign=Feed%3A+aps-sport+%28APS+-+SPORT%29\">Cliquez ici pour lire l&rsquo;article depuis sa source.<\/a><\/p>\n","protected":false},"excerpt":{"rendered":"<p>ALGER &#8211; \u00ab\u00a0L&rsquo;heure d&rsquo;un 2\u00e8 troph\u00e9e africain a sonn\u00e9\u00a0\u00bb, s&rsquo;accordent \u00e0 lancer avec d\u00e9termination les supporters alg\u00e9riens, qui souhaitent ardemment voir l&rsquo;\u00e9quipe nationale de football triompher face au S\u00e9n\u00e9gal, \u00e0 un peu plus de 24 heures de la finale de la Coupe d&rsquo;Afrique des nations (CAN-2019), vendredi soir au Caire. A Alger comme dans les [&hellip;]<\/p>\n","protected":false},"author":1790,"featured_media":47074,"comment_status":"closed","ping_status":"closed","sticky":false,"template":"","format":"standard","meta":{"fifu_image_url":"","fifu_image_alt":"","footnotes":""},"categories":[53,75],"tags":[],"class_list":["post-47073","post","type-post","status-publish","format-standard","has-post-thumbnail","hentry","category-algerie","category-sport"],"_links":{"self":[{"href":"https:\/\/linitiative.ca\/International\/wp-json\/wp\/v2\/posts\/47073","targetHints":{"allow":["GET"]}}],"collection":[{"href":"https:\/\/linitiative.ca\/International\/wp-json\/wp\/v2\/posts"}],"about":[{"href":"https:\/\/linitiative.ca\/International\/wp-json\/wp\/v2\/types\/post"}],"author":[{"embeddable":true,"href":"https:\/\/linitiative.ca\/International\/wp-json\/wp\/v2\/users\/1790"}],"replies":[{"embeddable":true,"href":"https:\/\/linitiative.ca\/International\/wp-json\/wp\/v2\/comments?post=47073"}],"version-history":[{"count":0,"href":"https:\/\/linitiative.ca\/International\/wp-json\/wp\/v2\/posts\/47073\/revisions"}],"wp:featuredmedia":[{"embeddable":true,"href":"https:\/\/linitiative.ca\/International\/wp-json\/"}],"wp:attachment":[{"href":"https:\/\/linitiative.ca\/International\/wp-json\/wp\/v2\/media?parent=47073"}],"wp:term":[{"taxonomy":"category","embeddable":true,"href":"https:\/\/linitiative.ca\/International\/wp-json\/wp\/v2\/categories?post=47073"},{"taxonomy":"post_tag","embeddable":true,"href":"https:\/\/linitiative.ca\/International\/wp-json\/wp\/v2\/tags?post=47073"}],"curies":[{"name":"wp","href":"https:\/\/api.w.org\/{rel}","templated":true}]}}