{"id":47078,"date":"2019-07-18T11:50:02","date_gmt":"2019-07-18T15:50:02","guid":{"rendered":"https:\/\/linitiative.ca\/International\/92129-can-2019-finale-senegal-algerie-determines-a-realiser-quelque-chose-d-enorme-guedioura\/"},"modified":"2019-07-18T11:50:02","modified_gmt":"2019-07-18T15:50:02","slug":"92129-can-2019-finale-senegal-algerie-determines-a-realiser-quelque-chose-d-enorme-guedioura","status":"publish","type":"post","link":"https:\/\/linitiative.ca\/International\/92129-can-2019-finale-senegal-algerie-determines-a-realiser-quelque-chose-d-enorme-guedioura\/","title":{"rendered":"CAN-2019 (Finale) S\u00e9n\u00e9gal &#8211; Alg\u00e9rie : \u00ab\u00a0D\u00e9termin\u00e9s \u00e0 r\u00e9aliser quelque chose d\u2019\u00e9norme\u00a0\u00bb (Guedioura)"},"content":{"rendered":"<div>\n<div class=\"K2FeedIntroText\">\n<p><strong>LE CAIRE &#8211; Le milieu d\u00e9fensif alg\u00e9rien, Adl\u00e8ne Guedioura, a affirm\u00e9 jeudi que l\u2019\u00e9quipe nationale avait \u00ab\u00a0envie de r\u00e9aliser quelque chose d\u2019\u00e9norme\u00a0\u00bb, vendredi en finale de la CAN-2019 face au S\u00e9n\u00e9gal, au stade international du Caire (20h00 alg\u00e9riennes).<\/strong><\/p>\n<\/div>\n<div class=\"K2FeedFullText\">\n<p>\u00ab\u00a0Les d\u00e9faites ont cr\u00e9\u00e9 de la frustration chez nous. Apr\u00e8s avoir fait bonne figure au Mondial-2014, nous avons essuy\u00e9 des \u00e9checs qu\u2019on a envie aujourd\u2019hui d\u2019effacer, les d\u00e9tourner comme une force suppl\u00e9mentaire afin d\u2019offrir un titre pour l\u2019Alg\u00e9rie. Nous sommes d\u00e9termin\u00e9s \u00e0 r\u00e9aliser quelque chose d\u2019\u00e9norme vendredi\u00a0\u00bb, a affirm\u00e9 le joueur de Nottingham Forest (Div.2 anglaise), en conf\u00e9rence de presse tenue au stade international du Caire.<\/p>\n<p>L\u2019Alg\u00e9rie s\u2019est qualifi\u00e9e dimanche pour la finale de la 32e \u00e9dition en dominant le Nigeria (2-1), alors que le S\u00e9n\u00e9gal a pass\u00e9 l\u2019\u00e9cueil de la Tunisie (1-0, a.p). Les deux \u00e9quipes se sont d\u00e9j\u00e0 rencontr\u00e9es lors de la 2e journ\u00e9e (Gr. C) de la phase de poules, dans un match sold\u00e9 par une victoire de l\u2019Alg\u00e9rie (1-0).<\/p>\n<p>\u00ab\u00a0Le coach conna\u00eet vraiment les joueurs et ce qu&rsquo;il veut, il sait transmettre son message aux joueurs. C&rsquo;est important, car si vous n&rsquo;avez pas un bon cuisinier vous n&rsquo;obtenez pas un bon plat.<\/p>\n<p>Nous avons des individualit\u00e9s et maintenant nous avons une \u00e9quipe. Nous allons rester solidaires et unis, nous sommes une \u00e9quipe forte avec un bon mental\u00a0\u00bb, a-t-il ajout\u00e9.<\/p>\n<p>Ag\u00e9 d\u2019\u00e0 peine cinq ans, Guedioura ne se souvient pas de l\u2019unique troph\u00e9e remport\u00e9 par l\u2019Alg\u00e9rie en 1990, dans une \u00e9dition disput\u00e9e \u00e0 domicile :<\/p>\n<p>\u00ab\u00a0J\u2019\u00e9tais trop jeune en 1990, je n\u2019ai pas de souvenirs, mais mon p\u00e8re et ma m\u00e8re m&rsquo;ont racont\u00e9 le sacre. Je suis l\u00e0 pour contribuer \u00e0 \u00e9crire une nouvelle page de l\u2019histoire du football alg\u00e9rien\u00a0\u00bb.<\/p>\n<p>Appel\u00e9 \u00e0 s\u2019exprimer sur le \u00ab\u00a0Hirak\u00a0\u00bb en Alg\u00e9rie, Guedioura a dit \u00eatre \u00ab\u00a0conscient\u00a0\u00bb de ce qui se passe depuis le 22 f\u00e9vrier dernier au pays.<\/p>\n<p>\u00ab\u00a0Nous sommes tous conscients de ce qui se passe actuellement au pays, le peuple qu\u2019on repr\u00e9sente a toujours montr\u00e9 une tr\u00e8s belle image. Nous sommes concentr\u00e9s sur cette finale, \u00e0 nous de montrer de belles choses vendredi\u00a0\u00bb.<\/p>\n<p>Guedioura n\u2019a pas h\u00e9sit\u00e9 \u00e0 remercier le s\u00e9lectionneur national Djamel Belmadi de l\u2019avoir retenu dans la liste des 23 joueurs, \u00ab\u00a0alors que certains pensaient diff\u00e9remment\u00a0\u00bb.<\/p>\n<p>\u00ab\u00a0Je suis reconnaissant au coach. Il a fait le choix de me prendre, alors que certains pensaient l\u2019inverse, c\u2019est un choix fort. Nous avons envie de terminer en beaut\u00e9\u00a0\u00bb.<\/p>\n<p>Assis aux c\u00f4t\u00e9s de son joueur, Belmadi a pris la parole pour encenser Guedioura, auteur de prestations \u00e9poustouflantes depuis le d\u00e9but de la comp\u00e9tition.<\/p>\n<p>\u00ab\u00a0C\u2019est un joueur qui a \u00e9t\u00e9 contest\u00e9 \u00e0 l\u2019apparition de cette liste, \u00e7a a d\u00e9pass\u00e9 toutes les limites, on a oubli\u00e9 ce qu\u2019il a r\u00e9alis\u00e9 pour cette \u00e9quipe. Beaucoup de joueurs n\u2019auraient pas r\u00e9ussi \u00e0 absorber cette contestation, il est aujourd\u2019hui indispensable \u00e0 notre syst\u00e8me, je le f\u00e9licite\u00a0\u00bb.<\/p>\n<\/div>\n<p><img loading=\"lazy\" decoding=\"async\" src=\"http:\/\/feeds.feedburner.com\/~r\/aps-sport\/~4\/eWCC3l1gUeI\" height=\"1\" width=\"1\" alt=\"\"><\/div>\n<p>Auteur:<br \/>\n<a href=\"http:\/\/www.aps.dz\/sport\/92129-can-2019-finale-senegal-algerie-determines-a-realiser-quelque-chose-d-enorme-guedioura?utm_source=feedburner&#038;utm_medium=feed&#038;utm_campaign=Feed%3A+aps-sport+%28APS+-+SPORT%29\">Cliquez ici pour lire l&rsquo;article depuis sa source.<\/a><\/p>\n","protected":false},"excerpt":{"rendered":"<p>LE CAIRE &#8211; Le milieu d\u00e9fensif alg\u00e9rien, Adl\u00e8ne Guedioura, a affirm\u00e9 jeudi que l\u2019\u00e9quipe nationale avait \u00ab\u00a0envie de r\u00e9aliser quelque chose d\u2019\u00e9norme\u00a0\u00bb, vendredi en finale de la CAN-2019 face au S\u00e9n\u00e9gal, au stade international du Caire (20h00 alg\u00e9riennes). \u00ab\u00a0Les d\u00e9faites ont cr\u00e9\u00e9 de la frustration chez nous. Apr\u00e8s avoir fait bonne figure au Mondial-2014, nous [&hellip;]<\/p>\n","protected":false},"author":1790,"featured_media":0,"comment_status":"closed","ping_status":"closed","sticky":false,"template":"","format":"standard","meta":{"fifu_image_url":"","fifu_image_alt":"","footnotes":""},"categories":[53,75],"tags":[],"class_list":["post-47078","post","type-post","status-publish","format-standard","hentry","category-algerie","category-sport"],"_links":{"self":[{"href":"https:\/\/linitiative.ca\/International\/wp-json\/wp\/v2\/posts\/47078","targetHints":{"allow":["GET"]}}],"collection":[{"href":"https:\/\/linitiative.ca\/International\/wp-json\/wp\/v2\/posts"}],"about":[{"href":"https:\/\/linitiative.ca\/International\/wp-json\/wp\/v2\/types\/post"}],"author":[{"embeddable":true,"href":"https:\/\/linitiative.ca\/International\/wp-json\/wp\/v2\/users\/1790"}],"replies":[{"embeddable":true,"href":"https:\/\/linitiative.ca\/International\/wp-json\/wp\/v2\/comments?post=47078"}],"version-history":[{"count":0,"href":"https:\/\/linitiative.ca\/International\/wp-json\/wp\/v2\/posts\/47078\/revisions"}],"wp:attachment":[{"href":"https:\/\/linitiative.ca\/International\/wp-json\/wp\/v2\/media?parent=47078"}],"wp:term":[{"taxonomy":"category","embeddable":true,"href":"https:\/\/linitiative.ca\/International\/wp-json\/wp\/v2\/categories?post=47078"},{"taxonomy":"post_tag","embeddable":true,"href":"https:\/\/linitiative.ca\/International\/wp-json\/wp\/v2\/tags?post=47078"}],"curies":[{"name":"wp","href":"https:\/\/api.w.org\/{rel}","templated":true}]}}