{"id":47084,"date":"2019-07-17T16:17:00","date_gmt":"2019-07-17T20:17:00","guid":{"rendered":"https:\/\/linitiative.ca\/International\/detournement-dun-jardin-denfants-au-profit-dun-hotelier-le-wali-doran-bloque-le-projet\/"},"modified":"2019-07-17T16:17:00","modified_gmt":"2019-07-17T20:17:00","slug":"detournement-dun-jardin-denfants-au-profit-dun-hotelier-le-wali-doran-bloque-le-projet","status":"publish","type":"post","link":"https:\/\/linitiative.ca\/International\/detournement-dun-jardin-denfants-au-profit-dun-hotelier-le-wali-doran-bloque-le-projet\/","title":{"rendered":"DETOURNEMENT D\u2019UN JARDIN D&rsquo;ENFANTS AU PROFIT D&rsquo;UN HOTELIER  : Le wali d\u2019Oran bloque le projet"},"content":{"rendered":"<p><br id=\"sep_para_1\" class=\"sep_para access\"\/><\/p>\n<div id=\"para_1\" class=\"para_32194630 resize\">\n<div class=\"photo shadow left\"><a href=\"javascript:void(0)\" rel=\"https:\/\/www.reflexiondz.net\/photo\/art\/grande\/35689017-32194630.jpg?v=1563396447&#038;ibox\" title=\"DETOURNEMENT D\u2019UN JARDIN D'ENFANTS AU PROFIT D'UN HOTELIER : Le wali d\u2019Oran bloque le projet\"><img decoding=\"async\" class=\"responsive c9\" src=\"https:\/\/www.reflexiondz.net\/photo\/art\/grande\/35689017-32194630.jpg?v=1563396447\" alt=\"DETOURNEMENT D\u2019UN JARDIN D'ENFANTS AU PROFIT D'UN HOTELIER : Le wali d\u2019Oran bloque le projet\" title=\"DETOURNEMENT D\u2019UN JARDIN D'ENFANTS AU PROFIT D'UN HOTELIER : Le wali d\u2019Oran bloque le projet\"\/><img decoding=\"async\" class=\"not-responsive\" src=\"https:\/\/www.reflexiondz.net\/photo\/art\/default\/35689017-32194630.jpg?v=1563396449\" alt=\"DETOURNEMENT D\u2019UN JARDIN D'ENFANTS AU PROFIT D'UN HOTELIER : Le wali d\u2019Oran bloque le projet\" title=\"DETOURNEMENT D\u2019UN JARDIN D'ENFANTS AU PROFIT D'UN HOTELIER : Le wali d\u2019Oran bloque le projet\"\/><\/a><\/div>\n<div class=\"texte access firstletter\">Publi\u00e9e hier dans le journal R\u00e9flexion, l\u2019histoire in\u00e9dite, d\u2019une attribution sous table d\u2019un jardin d&rsquo;enfants \u00e0 un patron d\u2019h\u00f4tel , enregistr\u00e9e aux services domaniales sous le num\u00e9ro 95\/779 en date du 21\/04\/2019 et sous le num\u00e9ro 145\/2018 en date du 17\/09\/2018 pour \u00eatre transform\u00e9e en parc automobile. Bien que cet \u00e9difice soit une propri\u00e9t\u00e9 communale enregistr\u00e9e pourtant dans le sommier de consistance, destin\u00e9e \u00e0 abriter un centre culturel pour les travailleurs de cette importante municipalit\u00e9 et qu\u2019une fiche technique a \u00e9t\u00e9 \u00e9labor\u00e9e en ce sens pour les travaux d&rsquo;am\u00e9nagement, malheureusement , la garderie a fait l&rsquo;objet de d\u00e9tournement\u00a0 au profit d&rsquo;une tierce personne au su et au vu des \u00e9lus qui n\u2019ont pas lev\u00e9 le petit doigt. Au grand dam de la population de la Bahia, le wali d\u2019Oran, a bloqu\u00e9, dans la m\u00eame journ\u00e9e d\u2019hier le projet en question et ordonn\u00e9 aux services de la commune d\u2019Oran l\u2019interdiction de d\u00e9livrance du permis de construire et l\u2019ouverture d\u2019une enqu\u00eate approfondie sur les dessous de ce scandale. Cette d\u00e9cision prise par le wali pour prot\u00e9ger le patrimoine domanial a \u00e9t\u00e9 salu\u00e9e par les citoyens d\u2019Oran et les pouvoirs publics.\u00a0\u00a0\u00a0\u00a0\u00a0\u00a0\u00a0\u00a0\u00a0\u00a0\u00a0<\/div>\n<\/div>\n<p>Auteur: Medjadji H.<br \/>\n<a href=\"https:\/\/www.reflexiondz.net\/DETOURNEMENT-D-UN-JARDIN-D-ENFANTS-AU-PROFIT-D-UN-HOTELIER-Le-wali-d-Oran-bloque-le-projet_a56658.html\">Cliquez ici pour lire l&rsquo;article depuis sa source.<\/a><\/p>\n","protected":false},"excerpt":{"rendered":"<p>Publi\u00e9e hier dans le journal R\u00e9flexion, l\u2019histoire in\u00e9dite, d\u2019une attribution sous table d\u2019un jardin d&rsquo;enfants \u00e0 un patron d\u2019h\u00f4tel , enregistr\u00e9e aux services domaniales sous le num\u00e9ro 95\/779 en date du 21\/04\/2019 et sous le num\u00e9ro 145\/2018 en date du 17\/09\/2018 pour \u00eatre transform\u00e9e en parc automobile. Bien que cet \u00e9difice soit une propri\u00e9t\u00e9 communale [&hellip;]<\/p>\n","protected":false},"author":1740,"featured_media":0,"comment_status":"closed","ping_status":"closed","sticky":false,"template":"","format":"standard","meta":{"fifu_image_url":"","fifu_image_alt":"","footnotes":""},"categories":[53,76],"tags":[],"class_list":["post-47084","post","type-post","status-publish","format-standard","hentry","category-algerie","category-regions"],"_links":{"self":[{"href":"https:\/\/linitiative.ca\/International\/wp-json\/wp\/v2\/posts\/47084","targetHints":{"allow":["GET"]}}],"collection":[{"href":"https:\/\/linitiative.ca\/International\/wp-json\/wp\/v2\/posts"}],"about":[{"href":"https:\/\/linitiative.ca\/International\/wp-json\/wp\/v2\/types\/post"}],"author":[{"embeddable":true,"href":"https:\/\/linitiative.ca\/International\/wp-json\/wp\/v2\/users\/1740"}],"replies":[{"embeddable":true,"href":"https:\/\/linitiative.ca\/International\/wp-json\/wp\/v2\/comments?post=47084"}],"version-history":[{"count":0,"href":"https:\/\/linitiative.ca\/International\/wp-json\/wp\/v2\/posts\/47084\/revisions"}],"wp:attachment":[{"href":"https:\/\/linitiative.ca\/International\/wp-json\/wp\/v2\/media?parent=47084"}],"wp:term":[{"taxonomy":"category","embeddable":true,"href":"https:\/\/linitiative.ca\/International\/wp-json\/wp\/v2\/categories?post=47084"},{"taxonomy":"post_tag","embeddable":true,"href":"https:\/\/linitiative.ca\/International\/wp-json\/wp\/v2\/tags?post=47084"}],"curies":[{"name":"wp","href":"https:\/\/api.w.org\/{rel}","templated":true}]}}