{"id":47105,"date":"2019-07-18T08:31:50","date_gmt":"2019-07-18T12:31:50","guid":{"rendered":"https:\/\/linitiative.ca\/International\/amar-ghoul-place-en-detention-provisoire-a-la-prison-del-harrach\/"},"modified":"2019-07-18T08:31:50","modified_gmt":"2019-07-18T12:31:50","slug":"amar-ghoul-place-en-detention-provisoire-a-la-prison-del-harrach","status":"publish","type":"post","link":"https:\/\/linitiative.ca\/International\/amar-ghoul-place-en-detention-provisoire-a-la-prison-del-harrach\/","title":{"rendered":"Amar Ghoul plac\u00e9 en d\u00e9tention provisoire \u00e0 la prison d\u2019El Harrach"},"content":{"rendered":"<h4 class=\"title-14\"\/>\n<div class=\"featured_image\"><img width=\"800\" height=\"646\" data-cfsrc=\"https:\/\/www.elwatan.com\/wp-content\/uploads\/2019\/07\/ghoul.jpg\" class=\"attachment-post-thumbnail size-post-thumbnail wp-post-image c2\" alt=\"\" srcset=\"https:\/\/www.elwatan.com\/wp-content\/uploads\/2019\/07\/ghoul.jpg 800w, https:\/\/www.elwatan.com\/wp-content\/uploads\/2019\/07\/ghoul-300x242.jpg 300w, https:\/\/www.elwatan.com\/wp-content\/uploads\/2019\/07\/ghoul-768x620.jpg 768w\" sizes=\"(max-width: 800px) 100vw, 800px\"\/><noscript><\/p>\n<p><img loading=\"lazy\" decoding=\"async\" width=\"800\" height=\"646\" src=\"https:\/\/www.elwatan.com\/wp-content\/uploads\/2019\/07\/ghoul.jpg\" class=\"attachment-post-thumbnail size-post-thumbnail wp-post-image\" alt=\"\" srcset=\"https:\/\/www.elwatan.com\/wp-content\/uploads\/2019\/07\/ghoul.jpg 800w, https:\/\/www.elwatan.com\/wp-content\/uploads\/2019\/07\/ghoul-300x242.jpg 300w, https:\/\/www.elwatan.com\/wp-content\/uploads\/2019\/07\/ghoul-768x620.jpg 768w\" sizes=\"auto, (max-width: 800px) 100vw, 800px\"\/><\/p>\n<p><\/noscript> <span class=\"featured-image-caption\">Amar Ghoul.<\/span><\/div>\n<p>Amar Ghoul, pr\u00e9sident du parti TAJ et ancien ministre, a \u00e9t\u00e9 plac\u00e9, aujourd\u2019hui jeudi, sous mandat de d\u00e9p\u00f4t apr\u00e8s sa comparution devant le conseiller-enqu\u00eateur pr\u00e8s la Cour supr\u00eame. Il a \u00e9t\u00e9 transf\u00e9r\u00e9 ce matin \u00e0 la prison d\u2019El Harrach (Alger), rapportent plusieurs m\u00e9dias.<\/p>\n<p>Amar Ghoul, \u00e9galement ancien s\u00e9nateur, est poursuivi dans des affaires de corruption \u00ab\u00a0li\u00e9es aux hommes d\u2019affaires Ali Haddad et Mahieddine Tahkout\u00a0\u00bb, selon l\u2019agence APS.<\/p>\n<p>La prison d\u2019El Harrach abrite plusieurs anciens ministres et hauts <a href=\"http:\/\/La%20prison%20d%E2%80%99El%20Harrach%20abrite%20plusieurs%20anciens%20ministres%20et%20haut%20responsables%20de%20l%E2%80%99%C3%A8re%20Bouteflika.\">responsables ayant servi durant le r\u00e8gne des Bouteflika.<\/a><\/p>\n<p><span class=\"post-views-label\">Post Views:<\/span> <span class=\"post-views-count\">4\u00a0397<\/span><\/p>\n<p><br class=\"c4\"\/><\/p>\n<p>Auteur: Farouk Djouadi<br \/>\n<a href=\"https:\/\/www.elwatan.com\/edition\/actualite\/amar-ghoul-place-en-detention-provisoire-a-la-prison-del-harrach-18-07-2019\">Cliquez ici pour lire l&rsquo;article depuis sa source.<\/a><\/p>\n","protected":false},"excerpt":{"rendered":"<p>Amar Ghoul. Amar Ghoul, pr\u00e9sident du parti TAJ et ancien ministre, a \u00e9t\u00e9 plac\u00e9, aujourd\u2019hui jeudi, sous mandat de d\u00e9p\u00f4t apr\u00e8s sa comparution devant le conseiller-enqu\u00eateur pr\u00e8s la Cour supr\u00eame. Il a \u00e9t\u00e9 transf\u00e9r\u00e9 ce matin \u00e0 la prison d\u2019El Harrach (Alger), rapportent plusieurs m\u00e9dias. Amar Ghoul, \u00e9galement ancien s\u00e9nateur, est poursuivi dans des affaires [&hellip;]<\/p>\n","protected":false},"author":1743,"featured_media":47106,"comment_status":"closed","ping_status":"closed","sticky":false,"template":"","format":"standard","meta":{"fifu_image_url":"","fifu_image_alt":"","footnotes":""},"categories":[73,53],"tags":[],"class_list":["post-47105","post","type-post","status-publish","format-standard","has-post-thumbnail","hentry","category-actualite","category-algerie"],"_links":{"self":[{"href":"https:\/\/linitiative.ca\/International\/wp-json\/wp\/v2\/posts\/47105","targetHints":{"allow":["GET"]}}],"collection":[{"href":"https:\/\/linitiative.ca\/International\/wp-json\/wp\/v2\/posts"}],"about":[{"href":"https:\/\/linitiative.ca\/International\/wp-json\/wp\/v2\/types\/post"}],"author":[{"embeddable":true,"href":"https:\/\/linitiative.ca\/International\/wp-json\/wp\/v2\/users\/1743"}],"replies":[{"embeddable":true,"href":"https:\/\/linitiative.ca\/International\/wp-json\/wp\/v2\/comments?post=47105"}],"version-history":[{"count":0,"href":"https:\/\/linitiative.ca\/International\/wp-json\/wp\/v2\/posts\/47105\/revisions"}],"wp:featuredmedia":[{"embeddable":true,"href":"https:\/\/linitiative.ca\/International\/wp-json\/"}],"wp:attachment":[{"href":"https:\/\/linitiative.ca\/International\/wp-json\/wp\/v2\/media?parent=47105"}],"wp:term":[{"taxonomy":"category","embeddable":true,"href":"https:\/\/linitiative.ca\/International\/wp-json\/wp\/v2\/categories?post=47105"},{"taxonomy":"post_tag","embeddable":true,"href":"https:\/\/linitiative.ca\/International\/wp-json\/wp\/v2\/tags?post=47105"}],"curies":[{"name":"wp","href":"https:\/\/api.w.org\/{rel}","templated":true}]}}