{"id":47114,"date":"2019-07-18T07:10:11","date_gmt":"2019-07-18T11:10:11","guid":{"rendered":"https:\/\/linitiative.ca\/International\/remboursement-de-tva-les-demarches-a-suivre\/"},"modified":"2019-07-18T07:10:11","modified_gmt":"2019-07-18T11:10:11","slug":"remboursement-de-tva-les-demarches-a-suivre","status":"publish","type":"post","link":"https:\/\/linitiative.ca\/International\/remboursement-de-tva-les-demarches-a-suivre\/","title":{"rendered":"Remboursement de TVA : les d\u00e9marches \u00e0 suivre"},"content":{"rendered":"<p><strong>Uniquement les comptes certifi\u00e9s par un commissaire aux comptes, devront \u00eatre soumis pour b\u00e9n\u00e9ficier du remboursement du cr\u00e9dit de TVA.<\/strong><\/p>\n<div class=\"c10\"\/>\n<p>Les premiers dossiers de <strong>remboursement TVA<\/strong> sont attendus au cours des prochaines semaines, selon la nouvelle proc\u00e9dure simplifi\u00e9e entr\u00e9e en vigueur en mars dernier. Depuis, aucun dossier n\u2019a \u00e9t\u00e9 d\u00e9pos\u00e9. Les entreprises et leurs conseils s\u2019organisent activement pour pratiquer ce nouveau dispositif. Cette nouvelle proc\u00e9dure s\u2019adresse seulement aux entreprises dont les comptes sont certifi\u00e9s par un commissaire aux comptes, ces derni\u00e8res n\u2019ont plus \u00e0 pr\u00e9senter la liasse des documents exig\u00e9s, rapporte L\u2019Economiste dans son \u00e9dition de ce jeudi.<\/p>\n<p>La <strong>Direction g\u00e9n\u00e9rale des Imp\u00f4ts<\/strong> (DGI) revient aussi \u00e0 la charge aupr\u00e8s de ses collaborateurs. Le dispositif est g\u00e9n\u00e9ralement ouvert \u00e0 toutes les entreprises, m\u00eame celles qui r\u00e9alisent moins de 50 millions de DH de chiffre d\u2019affaires peuvent nommer un commissaire aux comptes pour atteindre l\u2019\u00e9ligibilit\u00e9. Ce d\u00e9cret n\u2019\u00e9tablit aucune segmentation en termes de chiffre d\u2019affaires, mais la note de service publi\u00e9 par le fisc dans laquelle pr\u00e9cise les modalit\u00e9s d\u2019application de cette mesure par le d\u00e9cret n\u00b02.18-683 du 4 mars 2019.<\/p>\n<p>Rajoutons que les demandes de remboursement doivent \u00eatre accompagn\u00e9es notamment des relev\u00e9s r\u00e9capitulatifs justifiant le chiffre d\u2019affaires r\u00e9alis\u00e9 en exon\u00e9ration ou en suspension de la TVA (Art. 92 et 94 du code g\u00e9n\u00e9ral des imp\u00f4ts). Dans sa note, la DGI pr\u00e9cise aussi que \u00ab les relev\u00e9s r\u00e9capitulatifs doivent comporter, dans une colonne distincte, le num\u00e9ro d\u2019inscription aux livres comptables des factures d\u2019achats et de fa\u00e7on ou des documents douaniers en tenant lieu (article 118 du CGI) \u00bb. Outre, l\u2019op\u00e9rateur est oblig\u00e9 de joindre \u00e0 ces documents l\u2019<strong>attestation du commissaire aux comptes<\/strong> confirmant la sinc\u00e9rit\u00e9 des informations contenues dans ces relev\u00e9s et leur concordance avec les \u00e9critures comptables de la soci\u00e9t\u00e9.<\/p>\n<p>Lire aussi : <a href=\"https:\/\/www.challenge.ma\/dette-de-tva-la-cgem-presse-le-gouvernement-92684\/\" target=\"_blank\" rel=\"noopener noreferrer\">Dette de TVA : la CGEM presse le gouvernement<\/a><\/p>\n<p>Rappelons que l\u2019ancien ministre de l\u2019Economie et des Finances, Mohammed Boussaid, avait proc\u00e9d\u00e9 le 24 janvier 2018, \u00e0 la signature de conventions cadres avec l\u2019ensemble des banques de la place, en vue d\u2019apurer le passif en mati\u00e8re de cr\u00e9dit de taxe sur la valeur ajout\u00e9e (TVA). Cette proc\u00e9dure permet l\u2019apurement, en une seule fois, des arri\u00e9r\u00e9s dus au profit des entreprises qui y adh\u00e8rent volontairement, l\u2019objectif \u00e9tant d\u2019apurer le passif, pour normaliser, \u00e0 partir de 2018, les op\u00e9rations de remboursement de la <strong>TVA<\/strong> selon les d\u00e9lais pr\u00e9vus par la r\u00e9glementation en vigueur.<\/p>\n<p>\u00a0<\/p>\n<div class=\"c17\">\n<fieldset class=\"c16\">\n<legend><strong><span class=\"c11\">Challenge<\/span><span class=\"c12\">news<\/span><\/strong><\/legend>\n<div class=\"c15\">Le meilleur de la r\u00e9daction s\u00e9lectionn\u00e9 par Challenge :<\/p>\n<\/div>\n<\/fieldset>\n<\/div>\n<p>Auteur: challenge<br \/>\n<a href=\"https:\/\/www.challenge.ma\/remboursement-de-tva-les-demarches-a-suivre-113131\/\">Cliquez ici pour lire l&rsquo;article depuis sa source.<\/a><\/p>\n","protected":false},"excerpt":{"rendered":"<p>Uniquement les comptes certifi\u00e9s par un commissaire aux comptes, devront \u00eatre soumis pour b\u00e9n\u00e9ficier du remboursement du cr\u00e9dit de TVA. Les premiers dossiers de remboursement TVA sont attendus au cours des prochaines semaines, selon la nouvelle proc\u00e9dure simplifi\u00e9e entr\u00e9e en vigueur en mars dernier. Depuis, aucun dossier n\u2019a \u00e9t\u00e9 d\u00e9pos\u00e9. Les entreprises et leurs conseils [&hellip;]<\/p>\n","protected":false},"author":1787,"featured_media":0,"comment_status":"closed","ping_status":"closed","sticky":false,"template":"","format":"standard","meta":{"fifu_image_url":"","fifu_image_alt":"","footnotes":""},"categories":[78,54],"tags":[],"class_list":["post-47114","post","type-post","status-publish","format-standard","hentry","category-economie","category-maroc"],"_links":{"self":[{"href":"https:\/\/linitiative.ca\/International\/wp-json\/wp\/v2\/posts\/47114","targetHints":{"allow":["GET"]}}],"collection":[{"href":"https:\/\/linitiative.ca\/International\/wp-json\/wp\/v2\/posts"}],"about":[{"href":"https:\/\/linitiative.ca\/International\/wp-json\/wp\/v2\/types\/post"}],"author":[{"embeddable":true,"href":"https:\/\/linitiative.ca\/International\/wp-json\/wp\/v2\/users\/1787"}],"replies":[{"embeddable":true,"href":"https:\/\/linitiative.ca\/International\/wp-json\/wp\/v2\/comments?post=47114"}],"version-history":[{"count":0,"href":"https:\/\/linitiative.ca\/International\/wp-json\/wp\/v2\/posts\/47114\/revisions"}],"wp:attachment":[{"href":"https:\/\/linitiative.ca\/International\/wp-json\/wp\/v2\/media?parent=47114"}],"wp:term":[{"taxonomy":"category","embeddable":true,"href":"https:\/\/linitiative.ca\/International\/wp-json\/wp\/v2\/categories?post=47114"},{"taxonomy":"post_tag","embeddable":true,"href":"https:\/\/linitiative.ca\/International\/wp-json\/wp\/v2\/tags?post=47114"}],"curies":[{"name":"wp","href":"https:\/\/api.w.org\/{rel}","templated":true}]}}