{"id":47119,"date":"2019-07-18T10:38:09","date_gmt":"2019-07-18T14:38:09","guid":{"rendered":"https:\/\/linitiative.ca\/International\/proces-dimlil-le-verdict-est-tombe\/"},"modified":"2019-07-18T10:38:09","modified_gmt":"2019-07-18T14:38:09","slug":"proces-dimlil-le-verdict-est-tombe","status":"publish","type":"post","link":"https:\/\/linitiative.ca\/International\/proces-dimlil-le-verdict-est-tombe\/","title":{"rendered":"Proc\u00e8s d\u2019Imlil : le verdict est tomb\u00e9"},"content":{"rendered":"<p><strong>La Chambre criminelle charg\u00e9e des affaires du terrorisme pr\u00e8s l\u2019annexe de la Cour d\u2019appel \u00e0 Sal\u00e9 a prononc\u00e9 jeudi des peines allant de cinq ans de prison ferme \u00e0 la peine capitale \u00e0 l\u2019encontre des accus\u00e9s dans l\u2019affaire du meurtre des deux touristes scandinaves dans la r\u00e9gion d\u2019Imlil (province d\u2019El-Haouz).<\/strong><\/p>\n<div class=\"c10\"\/>\n<p>Le drame d\u2019Imlil remonte au mois de d\u00e9cembre dernier. Les corps de deux touristes \u00e9trang\u00e8res, l\u2019une de nationalit\u00e9 norv\u00e9gienne et l\u2019autre danoise, portant des signes de violence \u00e0 l\u2019arme blanche au niveau du cou, ont \u00e9t\u00e9 retrouv\u00e9s un lundi matin dans une r\u00e9gion montagneuse non surveill\u00e9e, \u00e0 10 km du centre <strong>Imlil<\/strong>, dans la province d\u2019El Haouz, en direction du sommet du Mont Toubkal.<\/p>\n<p>Quelques jours plus tard, le Bureau central d\u2019investigations judiciaires (BCIJ) relevant de la Direction g\u00e9n\u00e9rale de la surveillance du territoire est parvenu \u00e0 arr\u00eater 14 suspects dont les quatre bourreaux des deux victimes scandinaves.<\/p>\n<div class=\"c17\">\n<fieldset class=\"c16\">\n<legend><strong><span class=\"c11\">Challenge<\/span><span class=\"c12\">news<\/span><\/strong><\/legend>\n<div class=\"c15\">Le meilleur de la r\u00e9daction s\u00e9lectionn\u00e9 par Challenge :<\/p>\n<\/div>\n<\/fieldset>\n<\/div>\n<p>Auteur: Hassan Manyani<br \/>\n<a href=\"https:\/\/www.challenge.ma\/proces-dimlil-le-verdict-est-tombe-113176\/\">Cliquez ici pour lire l&rsquo;article depuis sa source.<\/a><\/p>\n","protected":false},"excerpt":{"rendered":"<p>La Chambre criminelle charg\u00e9e des affaires du terrorisme pr\u00e8s l\u2019annexe de la Cour d\u2019appel \u00e0 Sal\u00e9 a prononc\u00e9 jeudi des peines allant de cinq ans de prison ferme \u00e0 la peine capitale \u00e0 l\u2019encontre des accus\u00e9s dans l\u2019affaire du meurtre des deux touristes scandinaves dans la r\u00e9gion d\u2019Imlil (province d\u2019El-Haouz). Le drame d\u2019Imlil remonte au [&hellip;]<\/p>\n","protected":false},"author":1787,"featured_media":0,"comment_status":"closed","ping_status":"closed","sticky":false,"template":"","format":"standard","meta":{"fifu_image_url":"","fifu_image_alt":"","footnotes":""},"categories":[78,54],"tags":[],"class_list":["post-47119","post","type-post","status-publish","format-standard","hentry","category-economie","category-maroc"],"_links":{"self":[{"href":"https:\/\/linitiative.ca\/International\/wp-json\/wp\/v2\/posts\/47119","targetHints":{"allow":["GET"]}}],"collection":[{"href":"https:\/\/linitiative.ca\/International\/wp-json\/wp\/v2\/posts"}],"about":[{"href":"https:\/\/linitiative.ca\/International\/wp-json\/wp\/v2\/types\/post"}],"author":[{"embeddable":true,"href":"https:\/\/linitiative.ca\/International\/wp-json\/wp\/v2\/users\/1787"}],"replies":[{"embeddable":true,"href":"https:\/\/linitiative.ca\/International\/wp-json\/wp\/v2\/comments?post=47119"}],"version-history":[{"count":0,"href":"https:\/\/linitiative.ca\/International\/wp-json\/wp\/v2\/posts\/47119\/revisions"}],"wp:attachment":[{"href":"https:\/\/linitiative.ca\/International\/wp-json\/wp\/v2\/media?parent=47119"}],"wp:term":[{"taxonomy":"category","embeddable":true,"href":"https:\/\/linitiative.ca\/International\/wp-json\/wp\/v2\/categories?post=47119"},{"taxonomy":"post_tag","embeddable":true,"href":"https:\/\/linitiative.ca\/International\/wp-json\/wp\/v2\/tags?post=47119"}],"curies":[{"name":"wp","href":"https:\/\/api.w.org\/{rel}","templated":true}]}}