{"id":47120,"date":"2019-07-18T12:35:42","date_gmt":"2019-07-18T16:35:42","guid":{"rendered":"https:\/\/linitiative.ca\/International\/officiel-fouzi-lekjaa-deuxieme-vice-president-de-la-caf\/"},"modified":"2019-07-18T12:35:42","modified_gmt":"2019-07-18T16:35:42","slug":"officiel-fouzi-lekjaa-deuxieme-vice-president-de-la-caf","status":"publish","type":"post","link":"https:\/\/linitiative.ca\/International\/officiel-fouzi-lekjaa-deuxieme-vice-president-de-la-caf\/","title":{"rendered":"Officiel\u2026 Fouzi Lekjaa, deuxi\u00e8me vice-pr\u00e9sident de la CAF"},"content":{"rendered":"<p><strong>Le pr\u00e9sident de la Conf\u00e9d\u00e9ration africaine de football (CAF), Ahmed Ahmed, a nomm\u00e9, jeudi, Fouzi Lekjaa, pr\u00e9sident de la F\u00e9d\u00e9ration marocaine de football, son deuxi\u00e8me suppl\u00e9ant.<\/strong><\/p>\n<div class=\"c10\"\/>\n<p>Le Malgache Ahmad Ahmad a pris cette d\u00e9cision lors de la r\u00e9union du bureau ex\u00e9cutif de l\u2019Union africaine qui a d\u00e9cid\u00e9 d\u2019ajouter un troisi\u00e8me vice-pr\u00e9sident parmi les amendements r\u00e9cemment approuv\u00e9s par la CAF \u00e0 Rabat. Le Congolais Constantin Amary a \u00e9t\u00e9 \u00e9lu premier vice-pr\u00e9sident en remplacement du Nig\u00e9rian Amojo Binik, d\u00e9mis de ses fonctions, tandis que le pr\u00e9sident de la FRMF Fouzi Lekjaa a \u00e9t\u00e9 d\u00e9sign\u00e9 second adjoint d\u2019Ahmed Ahmed et le <span class=\"st\">Sud-africain Danny Jordan troisi\u00e8me vice-pr\u00e9sident<\/span>.<\/p>\n<blockquote class=\"twitter-tweet\" data-width=\"550\" data-dnt=\"true\">\n<p lang=\"fr\" dir=\"ltr\">\ud83d\udcf8\ud83d\udcdc | Nous vous pr\u00e9sentons aujourd&rsquo;hui la 41\u00e8me Assembl\u00e9e G\u00e9n\u00e9rale ordinaire de la CAF. <a href=\"https:\/\/t.co\/dbGUL6eHkb\">pic.twitter.com\/dbGUL6eHkb<\/a><\/p>\n<p>\u2014 CAF (FR) (@caf_online_FR) <a href=\"https:\/\/twitter.com\/caf_online_FR\/status\/1151819999989895168?ref_src=twsrc%5Etfw\">July 18, 2019<\/a><\/p>\n<\/blockquote>\n<p>Le chef du Comit\u00e9 des finances de la F\u00e9d\u00e9ration, Fouzi Lekjaa, a \u00e9galement \u00e9t\u00e9 soumis \u00e0 une campagne syst\u00e9matique par le lobby anti-marocain du plus grand club de football du continent, apr\u00e8s que des rumeurs sur son arrestation pendant un an aient \u00e9t\u00e9 divulgu\u00e9es \u00e0 la suite d\u2019une plainte de l\u2019\u00c9thiopie, juste apr\u00e8s l\u2019\u00e9limination des Lions de l\u2019Atlas de la Coupe d\u2019Afrique des Nations.<\/p>\n<div class=\"c17\">\n<fieldset class=\"c16\">\n<legend><strong><span class=\"c11\">Challenge<\/span><span class=\"c12\">news<\/span><\/strong><\/legend>\n<div class=\"c15\">Le meilleur de la r\u00e9daction s\u00e9lectionn\u00e9 par Challenge :<\/p>\n<\/div>\n<\/fieldset>\n<\/div>\n<p>Auteur: Hajar DARI<br \/>\n<a href=\"https:\/\/www.challenge.ma\/officielle-fouzi-lekjaa-deuxieme-vice-president-de-la-caf-113149\/\">Cliquez ici pour lire l&rsquo;article depuis sa source.<\/a><\/p>\n","protected":false},"excerpt":{"rendered":"<p>Le pr\u00e9sident de la Conf\u00e9d\u00e9ration africaine de football (CAF), Ahmed Ahmed, a nomm\u00e9, jeudi, Fouzi Lekjaa, pr\u00e9sident de la F\u00e9d\u00e9ration marocaine de football, son deuxi\u00e8me suppl\u00e9ant. Le Malgache Ahmad Ahmad a pris cette d\u00e9cision lors de la r\u00e9union du bureau ex\u00e9cutif de l\u2019Union africaine qui a d\u00e9cid\u00e9 d\u2019ajouter un troisi\u00e8me vice-pr\u00e9sident parmi les amendements r\u00e9cemment [&hellip;]<\/p>\n","protected":false},"author":1787,"featured_media":0,"comment_status":"closed","ping_status":"closed","sticky":false,"template":"","format":"standard","meta":{"fifu_image_url":"","fifu_image_alt":"","footnotes":""},"categories":[78,54],"tags":[],"class_list":["post-47120","post","type-post","status-publish","format-standard","hentry","category-economie","category-maroc"],"_links":{"self":[{"href":"https:\/\/linitiative.ca\/International\/wp-json\/wp\/v2\/posts\/47120","targetHints":{"allow":["GET"]}}],"collection":[{"href":"https:\/\/linitiative.ca\/International\/wp-json\/wp\/v2\/posts"}],"about":[{"href":"https:\/\/linitiative.ca\/International\/wp-json\/wp\/v2\/types\/post"}],"author":[{"embeddable":true,"href":"https:\/\/linitiative.ca\/International\/wp-json\/wp\/v2\/users\/1787"}],"replies":[{"embeddable":true,"href":"https:\/\/linitiative.ca\/International\/wp-json\/wp\/v2\/comments?post=47120"}],"version-history":[{"count":0,"href":"https:\/\/linitiative.ca\/International\/wp-json\/wp\/v2\/posts\/47120\/revisions"}],"wp:attachment":[{"href":"https:\/\/linitiative.ca\/International\/wp-json\/wp\/v2\/media?parent=47120"}],"wp:term":[{"taxonomy":"category","embeddable":true,"href":"https:\/\/linitiative.ca\/International\/wp-json\/wp\/v2\/categories?post=47120"},{"taxonomy":"post_tag","embeddable":true,"href":"https:\/\/linitiative.ca\/International\/wp-json\/wp\/v2\/tags?post=47120"}],"curies":[{"name":"wp","href":"https:\/\/api.w.org\/{rel}","templated":true}]}}