{"id":47121,"date":"2019-07-18T13:03:12","date_gmt":"2019-07-18T17:03:12","guid":{"rendered":"https:\/\/linitiative.ca\/International\/de-fortes-ambitions-pour-lumaa\/"},"modified":"2019-07-18T13:03:12","modified_gmt":"2019-07-18T17:03:12","slug":"de-fortes-ambitions-pour-lumaa","status":"publish","type":"post","link":"https:\/\/linitiative.ca\/International\/de-fortes-ambitions-pour-lumaa\/","title":{"rendered":"De fortes ambitions pour l\u2019UMAA"},"content":{"rendered":"<p>C\u2019est dans une ambiance conviviale et sereine que les dirigeants de l\u2019Union Marocaine des Automobiles Anciennes, l\u2019UMAA, les associations et les clubs affili\u00e9s venus des quatre coins du Maroc se sont r\u00e9unis dans le cadre de leur Assembl\u00e9e G\u00e9n\u00e9rale Ordinaire. L\u2019autre temps fort de cette assembl\u00e9e a \u00e9t\u00e9 consacr\u00e9e \u00e0 l\u2019annonce de la cr\u00e9ation du centre de formation \u00abAUTOMOTIVE ACADEMY\u00bb. Retour en vid\u00e9o sur les temps forts de cette Assembl\u00e9e G\u00e9n\u00e9rale Ordinaire.<\/p>\n<div class=\"c16\">\n<fieldset class=\"c15\">\n<legend><strong><span class=\"c10\">Challenge<\/span><span class=\"c11\">news<\/span><\/strong><\/legend>\n<div class=\"c14\">Le meilleur de la r\u00e9daction s\u00e9lectionn\u00e9 par Challenge :<\/p>\n<\/div>\n<\/fieldset>\n<\/div>\n<p>Auteur: David J\u00e9r\u00e9mie<br \/>\n<a href=\"https:\/\/www.challenge.ma\/de-fortes-ambitions-pour-lumaa-113162\/\">Cliquez ici pour lire l&rsquo;article depuis sa source.<\/a><\/p>\n","protected":false},"excerpt":{"rendered":"<p>C\u2019est dans une ambiance conviviale et sereine que les dirigeants de l\u2019Union Marocaine des Automobiles Anciennes, l\u2019UMAA, les associations et les clubs affili\u00e9s venus des quatre coins du Maroc se sont r\u00e9unis dans le cadre de leur Assembl\u00e9e G\u00e9n\u00e9rale Ordinaire. L\u2019autre temps fort de cette assembl\u00e9e a \u00e9t\u00e9 consacr\u00e9e \u00e0 l\u2019annonce de la cr\u00e9ation du [&hellip;]<\/p>\n","protected":false},"author":1787,"featured_media":0,"comment_status":"closed","ping_status":"closed","sticky":false,"template":"","format":"standard","meta":{"fifu_image_url":"","fifu_image_alt":"","footnotes":""},"categories":[78,54],"tags":[],"class_list":["post-47121","post","type-post","status-publish","format-standard","hentry","category-economie","category-maroc"],"_links":{"self":[{"href":"https:\/\/linitiative.ca\/International\/wp-json\/wp\/v2\/posts\/47121","targetHints":{"allow":["GET"]}}],"collection":[{"href":"https:\/\/linitiative.ca\/International\/wp-json\/wp\/v2\/posts"}],"about":[{"href":"https:\/\/linitiative.ca\/International\/wp-json\/wp\/v2\/types\/post"}],"author":[{"embeddable":true,"href":"https:\/\/linitiative.ca\/International\/wp-json\/wp\/v2\/users\/1787"}],"replies":[{"embeddable":true,"href":"https:\/\/linitiative.ca\/International\/wp-json\/wp\/v2\/comments?post=47121"}],"version-history":[{"count":0,"href":"https:\/\/linitiative.ca\/International\/wp-json\/wp\/v2\/posts\/47121\/revisions"}],"wp:attachment":[{"href":"https:\/\/linitiative.ca\/International\/wp-json\/wp\/v2\/media?parent=47121"}],"wp:term":[{"taxonomy":"category","embeddable":true,"href":"https:\/\/linitiative.ca\/International\/wp-json\/wp\/v2\/categories?post=47121"},{"taxonomy":"post_tag","embeddable":true,"href":"https:\/\/linitiative.ca\/International\/wp-json\/wp\/v2\/tags?post=47121"}],"curies":[{"name":"wp","href":"https:\/\/api.w.org\/{rel}","templated":true}]}}