{"id":47122,"date":"2019-07-18T15:36:50","date_gmt":"2019-07-18T19:36:50","guid":{"rendered":"https:\/\/linitiative.ca\/International\/ford-randy-krieger-aux-commandes-des-marches-directs\/"},"modified":"2019-07-18T15:36:50","modified_gmt":"2019-07-18T19:36:50","slug":"ford-randy-krieger-aux-commandes-des-marches-directs","status":"publish","type":"post","link":"https:\/\/linitiative.ca\/International\/ford-randy-krieger-aux-commandes-des-marches-directs\/","title":{"rendered":"Ford : Randy Krieger aux commandes des march\u00e9s directs\u00a0"},"content":{"rendered":"<p><strong>C\u2019est officiel\u00a0! Ford Motor Company vient fra\u00eechement d\u2019annoncer la nomination de Randy Krieger au poste de Pr\u00e9sident des march\u00e9s directs pour le Moyen-Orient, l\u2019Afrique et l\u2019Asie-Pacifique.<\/strong><span class=\"c10\">\u00a0<\/span><\/p>\n<div class=\"c11\"\/>\n<p><span class=\"c10\">Un<\/span> <span class=\"c10\">poste ax\u00e9 sur les march\u00e9s des distributeurs de la firme \u00e0 l\u2019ovale bleu. Krieger qui, dans ce nouveau r\u00f4le, pilotera un \u00abcentre d\u2019excellence pour les distributeurs\u00bb. Ce dernier regroupe plus de 80 march\u00e9s de distribution dans les pays \u00e9mergents du Moyen-Orient, d\u2019Afrique du Nord, d\u2019Afrique subsaharienne et de la r\u00e9gion Asie-Pacifique. Randy Krieger reportera \u00e0 Mark Ovenden, ce dernier ayant pris r\u00e9cemment ses nouvelles fonctions de Pr\u00e9sident du Groupe des March\u00e9s Internationaux.\u00a0<\/span><\/p>\n<p><span class=\"c10\">\u00c0 noter que Krieger rejoint le bureau de Duba\u00ef en provenance de Shanghai o\u00f9 il occupait le poste de Directeur ex\u00e9cutif marketing et Ventes pour les op\u00e9rations de Ford en Asie-Pacifique (APO). Avant d\u2019occuper ce poste, il \u00e9tait Directeur du marketing et des ventes chez Ford pour l\u2019ASEAN (L\u2019Association des nations de l\u2019Asie du Sud-Est). Il a \u00e9galement exerc\u00e9 les fonctions de Pr\u00e9sident de Ford Japon et de Ford Philippines, o\u00f9 il a restructur\u00e9 avec succ\u00e8s les op\u00e9rations commerciales.<\/span><\/p>\n<p><span class=\"c10\">Pour m\u00e9moire, il a rejoint Ford en 1986 et a occup\u00e9 divers postes dans les domaines du marketing, de la finance et de la gestion des distributeurs en Am\u00e9rique du Nord et en Europe. Il est dipl\u00f4m\u00e9 de l\u2019Universit\u00e9 du Mississippi aux \u00c9tats-Unis, et poss\u00e8de un MBA en finance de l\u2019Universit\u00e9 de Memphis, au Tennessee.<\/span><\/p>\n<div class=\"c18\">\n<fieldset class=\"c17\">\n<legend><strong><span class=\"c12\">Challenge<\/span><span class=\"c13\">news<\/span><\/strong><\/legend>\n<div class=\"c16\">Le meilleur de la r\u00e9daction s\u00e9lectionn\u00e9 par Challenge :<\/p>\n<\/div>\n<\/fieldset>\n<\/div>\n<p>Auteur: David J\u00e9r\u00e9mie<br \/>\n<a href=\"https:\/\/www.challenge.ma\/ford-randy-krieger-aux-commandes-des-marches-directs-113181\/\">Cliquez ici pour lire l&rsquo;article depuis sa source.<\/a><\/p>\n","protected":false},"excerpt":{"rendered":"<p>C\u2019est officiel\u00a0! Ford Motor Company vient fra\u00eechement d\u2019annoncer la nomination de Randy Krieger au poste de Pr\u00e9sident des march\u00e9s directs pour le Moyen-Orient, l\u2019Afrique et l\u2019Asie-Pacifique.\u00a0 Un poste ax\u00e9 sur les march\u00e9s des distributeurs de la firme \u00e0 l\u2019ovale bleu. Krieger qui, dans ce nouveau r\u00f4le, pilotera un \u00abcentre d\u2019excellence pour les distributeurs\u00bb. Ce dernier [&hellip;]<\/p>\n","protected":false},"author":1787,"featured_media":0,"comment_status":"closed","ping_status":"closed","sticky":false,"template":"","format":"standard","meta":{"fifu_image_url":"","fifu_image_alt":"","footnotes":""},"categories":[78,54],"tags":[],"class_list":["post-47122","post","type-post","status-publish","format-standard","hentry","category-economie","category-maroc"],"_links":{"self":[{"href":"https:\/\/linitiative.ca\/International\/wp-json\/wp\/v2\/posts\/47122","targetHints":{"allow":["GET"]}}],"collection":[{"href":"https:\/\/linitiative.ca\/International\/wp-json\/wp\/v2\/posts"}],"about":[{"href":"https:\/\/linitiative.ca\/International\/wp-json\/wp\/v2\/types\/post"}],"author":[{"embeddable":true,"href":"https:\/\/linitiative.ca\/International\/wp-json\/wp\/v2\/users\/1787"}],"replies":[{"embeddable":true,"href":"https:\/\/linitiative.ca\/International\/wp-json\/wp\/v2\/comments?post=47122"}],"version-history":[{"count":0,"href":"https:\/\/linitiative.ca\/International\/wp-json\/wp\/v2\/posts\/47122\/revisions"}],"wp:attachment":[{"href":"https:\/\/linitiative.ca\/International\/wp-json\/wp\/v2\/media?parent=47122"}],"wp:term":[{"taxonomy":"category","embeddable":true,"href":"https:\/\/linitiative.ca\/International\/wp-json\/wp\/v2\/categories?post=47122"},{"taxonomy":"post_tag","embeddable":true,"href":"https:\/\/linitiative.ca\/International\/wp-json\/wp\/v2\/tags?post=47122"}],"curies":[{"name":"wp","href":"https:\/\/api.w.org\/{rel}","templated":true}]}}