{"id":47123,"date":"2019-07-18T15:38:29","date_gmt":"2019-07-18T19:38:29","guid":{"rendered":"https:\/\/linitiative.ca\/International\/industrie-et-distribution-automobiles-renault-sallie-a-coscharis-au-nigeria\/"},"modified":"2019-07-18T15:38:29","modified_gmt":"2019-07-18T19:38:29","slug":"industrie-et-distribution-automobiles-renault-sallie-a-coscharis-au-nigeria","status":"publish","type":"post","link":"https:\/\/linitiative.ca\/International\/industrie-et-distribution-automobiles-renault-sallie-a-coscharis-au-nigeria\/","title":{"rendered":"Industrie et distribution automobiles\u00a0: Renault s\u2019allie \u00e0 Coscharis au Nig\u00e9ria\u00a0"},"content":{"rendered":"<p><strong>Le Groupe Renault et Coscharis Group ont scell\u00e9 un partenariat en mati\u00e8re de production et de distribution automobile au Nig\u00e9ria.<\/strong><span class=\"c10\">\u00a0<\/span><\/p>\n<div class=\"c11\"\/>\n<p><span class=\"c10\">D\u00e9sormais, la Logan et le Duster seront assembl\u00e9s \u00e0 partir d\u2019octobre prochain \u00e0 Lagos, dans l\u2019usine de Coscharis. En revanche, le Kwid, le petit SUV urbain de la marque franco-roumaine, et l\u2019Oroch, le pick-up sur base de Duster, seront import\u00e9s du Br\u00e9sil. Quatre mod\u00e8les qui seront commercialis\u00e9s sur l\u2019ensemble du territoire Nig\u00e9rian par l\u2019interm\u00e9diaire du r\u00e9seau commercial de Coscharis Motors.\u00a0<\/span><\/p>\n<div class=\"c18\">\n<fieldset class=\"c17\">\n<legend><strong><span class=\"c12\">Challenge<\/span><span class=\"c13\">news<\/span><\/strong><\/legend>\n<div class=\"c16\">Le meilleur de la r\u00e9daction s\u00e9lectionn\u00e9 par Challenge :<\/p>\n<\/div>\n<\/fieldset>\n<\/div>\n<p>Auteur: David J\u00e9r\u00e9mie<br \/>\n<a href=\"https:\/\/www.challenge.ma\/industrie-et-distribution-automobiles-renault-sallie-a-coscharis-au-nigeria-113184\/\">Cliquez ici pour lire l&rsquo;article depuis sa source.<\/a><\/p>\n","protected":false},"excerpt":{"rendered":"<p>Le Groupe Renault et Coscharis Group ont scell\u00e9 un partenariat en mati\u00e8re de production et de distribution automobile au Nig\u00e9ria.\u00a0 D\u00e9sormais, la Logan et le Duster seront assembl\u00e9s \u00e0 partir d\u2019octobre prochain \u00e0 Lagos, dans l\u2019usine de Coscharis. En revanche, le Kwid, le petit SUV urbain de la marque franco-roumaine, et l\u2019Oroch, le pick-up sur [&hellip;]<\/p>\n","protected":false},"author":1787,"featured_media":0,"comment_status":"closed","ping_status":"closed","sticky":false,"template":"","format":"standard","meta":{"fifu_image_url":"","fifu_image_alt":"","footnotes":""},"categories":[78,54],"tags":[],"class_list":["post-47123","post","type-post","status-publish","format-standard","hentry","category-economie","category-maroc"],"_links":{"self":[{"href":"https:\/\/linitiative.ca\/International\/wp-json\/wp\/v2\/posts\/47123","targetHints":{"allow":["GET"]}}],"collection":[{"href":"https:\/\/linitiative.ca\/International\/wp-json\/wp\/v2\/posts"}],"about":[{"href":"https:\/\/linitiative.ca\/International\/wp-json\/wp\/v2\/types\/post"}],"author":[{"embeddable":true,"href":"https:\/\/linitiative.ca\/International\/wp-json\/wp\/v2\/users\/1787"}],"replies":[{"embeddable":true,"href":"https:\/\/linitiative.ca\/International\/wp-json\/wp\/v2\/comments?post=47123"}],"version-history":[{"count":0,"href":"https:\/\/linitiative.ca\/International\/wp-json\/wp\/v2\/posts\/47123\/revisions"}],"wp:attachment":[{"href":"https:\/\/linitiative.ca\/International\/wp-json\/wp\/v2\/media?parent=47123"}],"wp:term":[{"taxonomy":"category","embeddable":true,"href":"https:\/\/linitiative.ca\/International\/wp-json\/wp\/v2\/categories?post=47123"},{"taxonomy":"post_tag","embeddable":true,"href":"https:\/\/linitiative.ca\/International\/wp-json\/wp\/v2\/tags?post=47123"}],"curies":[{"name":"wp","href":"https:\/\/api.w.org\/{rel}","templated":true}]}}