{"id":47124,"date":"2019-07-18T09:22:38","date_gmt":"2019-07-18T13:22:38","guid":{"rendered":"https:\/\/linitiative.ca\/International\/tunisie-perturbations-et-coupure-deau-dans-ces-regions-a-bizerte\/"},"modified":"2019-07-18T09:22:38","modified_gmt":"2019-07-18T13:22:38","slug":"tunisie-perturbations-et-coupure-deau-dans-ces-regions-a-bizerte","status":"publish","type":"post","link":"https:\/\/linitiative.ca\/International\/tunisie-perturbations-et-coupure-deau-dans-ces-regions-a-bizerte\/","title":{"rendered":"Tunisie- Perturbations et coupure d\u2019eau dans ces r\u00e9gions \u00e0 Bizerte"},"content":{"rendered":"<div class=\"post-cont-in left relative\">\n<div class=\"swp_social_panel swp_horizontal_panel swp_flat_fresh swp_default_full_color swp_individual_full_color swp_other_full_color scale-100 scale-\" data-min-width=\"1100\" data-float-color=\"#ffffff\" data-float=\"none\" data-float-mobile=\"none\" data-transition=\"slide\">\n<div class=\"nc_tweetContainer swp_share_button total_shares total_sharesalt\"><span class=\"swp_count\">5 <span class=\"swp_label\">Partages<\/span><\/span><\/div>\n<\/div>\n<p>Un communiqu\u00e9 publi\u00e9 par la Soci\u00e9t\u00e9 nationale d\u2019exploitation et de distribution des eaux SONEDE , ce jeudi 18 juillet 2019, annonce que des perturbations et une coupure d\u2019eau potable seront enregistr\u00e9es \u00e0 partir d\u2019aujourd\u2019hui \u00e0 20h dans quelques r\u00e9gions du gouvernorat de Bizerte. Il s\u2019agit des zones de Aouilia, Krayfia et Ghezala sup\u00e9rieur.<\/p>\n<p>Selon le m\u00eame communiqu\u00e9, ces perturbations sont dues aux travaux de renouvellement du canal principal de distribution d\u2019eau potable au niveau de la d\u00e9l\u00e9gation de Ghezala.<\/p>\n<div class=\"code-block code-block-1 c3\"><ins class=\"adsbygoogle c2\" data-ad-layout=\"in-article\" data-ad-format=\"fluid\" data-ad-client=\"ca-pub-2102118777505746\" data-ad-slot=\"7301775417\"\/> <\/div>\n<p>La reprise de l\u2019approvisionnement se fera progressivement \u00e0 partir de demain vendredi \u00e0 partir de 06h00 du matin.<\/p>\n<div class=\"mvp-org-wrap mvp-org-logo\" itemprop=\"publisher\" itemscope=\"\" itemtype=\"https:\/\/schema.org\/Organization\"><img decoding=\"async\" src=\"https:\/\/www.tunisienumerique.com\/wp-content\/uploads\/2017\/02\/logo_tunisie_numerique.png\"\/><\/div>\n<div class=\"swp_social_panel swp_horizontal_panel swp_flat_fresh swp_default_full_color swp_individual_full_color swp_other_full_color scale-100 scale-\" data-min-width=\"1100\" data-float-color=\"#ffffff\" data-float=\"none\" data-float-mobile=\"none\" data-transition=\"slide\">\n<div class=\"nc_tweetContainer swp_share_button total_shares total_sharesalt\"><span class=\"swp_count\">5 <span class=\"swp_label\">Partages<\/span><\/span><\/div>\n<\/div>\n<div class=\"mvp-related-posts left relative\">\n<h4 class=\"post-header\"><span class=\"post-header\">Lire aussi<\/span><\/h4>\n<\/div>\n<\/div>\n<p>Auteur: Laameri Dorsaf<br \/>\n<a href=\"https:\/\/www.tunisienumerique.com\/tunisie-perturbations-et-coupure-deau-dans-ces-regions-a-bizerte\/\">Cliquez ici pour lire l&rsquo;article depuis sa source.<\/a><\/p>\n","protected":false},"excerpt":{"rendered":"<p>5 Partages Un communiqu\u00e9 publi\u00e9 par la Soci\u00e9t\u00e9 nationale d\u2019exploitation et de distribution des eaux SONEDE , ce jeudi 18 juillet 2019, annonce que des perturbations et une coupure d\u2019eau potable seront enregistr\u00e9es \u00e0 partir d\u2019aujourd\u2019hui \u00e0 20h dans quelques r\u00e9gions du gouvernorat de Bizerte. Il s\u2019agit des zones de Aouilia, Krayfia et Ghezala sup\u00e9rieur. [&hellip;]<\/p>\n","protected":false},"author":1789,"featured_media":47125,"comment_status":"closed","ping_status":"closed","sticky":false,"template":"","format":"standard","meta":{"fifu_image_url":"","fifu_image_alt":"","footnotes":""},"categories":[73,55],"tags":[],"class_list":["post-47124","post","type-post","status-publish","format-standard","has-post-thumbnail","hentry","category-actualite","category-tunisie"],"_links":{"self":[{"href":"https:\/\/linitiative.ca\/International\/wp-json\/wp\/v2\/posts\/47124","targetHints":{"allow":["GET"]}}],"collection":[{"href":"https:\/\/linitiative.ca\/International\/wp-json\/wp\/v2\/posts"}],"about":[{"href":"https:\/\/linitiative.ca\/International\/wp-json\/wp\/v2\/types\/post"}],"author":[{"embeddable":true,"href":"https:\/\/linitiative.ca\/International\/wp-json\/wp\/v2\/users\/1789"}],"replies":[{"embeddable":true,"href":"https:\/\/linitiative.ca\/International\/wp-json\/wp\/v2\/comments?post=47124"}],"version-history":[{"count":0,"href":"https:\/\/linitiative.ca\/International\/wp-json\/wp\/v2\/posts\/47124\/revisions"}],"wp:featuredmedia":[{"embeddable":true,"href":"https:\/\/linitiative.ca\/International\/wp-json\/"}],"wp:attachment":[{"href":"https:\/\/linitiative.ca\/International\/wp-json\/wp\/v2\/media?parent=47124"}],"wp:term":[{"taxonomy":"category","embeddable":true,"href":"https:\/\/linitiative.ca\/International\/wp-json\/wp\/v2\/categories?post=47124"},{"taxonomy":"post_tag","embeddable":true,"href":"https:\/\/linitiative.ca\/International\/wp-json\/wp\/v2\/tags?post=47124"}],"curies":[{"name":"wp","href":"https:\/\/api.w.org\/{rel}","templated":true}]}}