{"id":47126,"date":"2019-07-18T09:42:26","date_gmt":"2019-07-18T13:42:26","guid":{"rendered":"https:\/\/linitiative.ca\/International\/tunisie-rached-ghannouchi-tete-de-liste-dennahdha-a-tunis-1-precisions-de-imed-khemiri\/"},"modified":"2019-07-18T09:42:26","modified_gmt":"2019-07-18T13:42:26","slug":"tunisie-rached-ghannouchi-tete-de-liste-dennahdha-a-tunis-1-precisions-de-imed-khemiri","status":"publish","type":"post","link":"https:\/\/linitiative.ca\/International\/tunisie-rached-ghannouchi-tete-de-liste-dennahdha-a-tunis-1-precisions-de-imed-khemiri\/","title":{"rendered":"Tunisie: Rached Ghannouchi t\u00eate de liste d\u2019Ennahdha \u00e0 Tunis 1, pr\u00e9cisions de Imed Khemiri"},"content":{"rendered":"<div class=\"post-cont-in left relative\">\n<div class=\"swp_social_panel swp_horizontal_panel swp_flat_fresh swp_default_full_color swp_individual_full_color swp_other_full_color scale-100 scale-\" data-min-width=\"1100\" data-float-color=\"#ffffff\" data-float=\"none\" data-float-mobile=\"none\" data-transition=\"slide\">\n<div class=\"nc_tweetContainer swp_share_button total_shares total_sharesalt\"><span class=\"swp_count\">65 <span class=\"swp_label\">Partages<\/span><\/span><\/div>\n<\/div>\n<p>Le porte-parole officiel du mouvement Ennahdha, Imed Khemiri a affirm\u00e9 jeudi que le bureau ex\u00e9cutif et le mouvement\u00a0ont l\u2019intention de d\u00e9lib\u00e9rer et de nommer, Rached Ghannouchi, t\u00eate de liste de Tunis 1, qui repr\u00e9sente la plus grande circonscription.<\/p>\n<p>\u201cC\u2019est une possibilit\u00e9 et nous l\u2019annoncerons dans les prochaines heures\u201d, a d\u00e9clar\u00e9 Khemiri dans une intervention sur radio Shems Fm.<\/p>\n<div class=\"code-block code-block-1 c3\"><ins class=\"adsbygoogle c2\" data-ad-layout=\"in-article\" data-ad-format=\"fluid\" data-ad-client=\"ca-pub-2102118777505746\" data-ad-slot=\"7301775417\"\/> <\/div>\n<p>Le porte-parole d\u2019Ennahdha a soulign\u00e9 que la liste des candidats de Tunis est sujette \u00e0 des arrangements, ajoutant que le nom de Rached Ghannouchi est propos\u00e9 comme candidat l\u00e9gal et naturel pour toutes les \u00e9ch\u00e9ances \u00e9lectorales.<\/p>\n<p>\u201cLa candidature de Ghannouchi en t\u00eate de liste de la liste Tunis 1, est tr\u00e8s probable\u201d, a-t-il ajout\u00e9.<\/p>\n<div class=\"mvp-org-wrap mvp-org-logo\" itemprop=\"publisher\" itemscope=\"\" itemtype=\"https:\/\/schema.org\/Organization\"><img decoding=\"async\" src=\"https:\/\/www.tunisienumerique.com\/wp-content\/uploads\/2017\/02\/logo_tunisie_numerique.png\"\/><\/div>\n<div class=\"swp_social_panel swp_horizontal_panel swp_flat_fresh swp_default_full_color swp_individual_full_color swp_other_full_color scale-100 scale-\" data-min-width=\"1100\" data-float-color=\"#ffffff\" data-float=\"none\" data-float-mobile=\"none\" data-transition=\"slide\">\n<div class=\"nc_tweetContainer swp_share_button total_shares total_sharesalt\"><span class=\"swp_count\">65 <span class=\"swp_label\">Partages<\/span><\/span><\/div>\n<\/div>\n<div class=\"mvp-related-posts left relative\">\n<h4 class=\"post-header\"><span class=\"post-header\">Lire aussi<\/span><\/h4>\n<\/div>\n<\/div>\n<p>Auteur: Mourad S<br \/>\n<a href=\"https:\/\/www.tunisienumerique.com\/tunisie-rached-ghannouchi-tete-de-liste-dennahdha-a-tunis-1-precisions-de-imed-khemiri\/\">Cliquez ici pour lire l&rsquo;article depuis sa source.<\/a><\/p>\n","protected":false},"excerpt":{"rendered":"<p>65 Partages Le porte-parole officiel du mouvement Ennahdha, Imed Khemiri a affirm\u00e9 jeudi que le bureau ex\u00e9cutif et le mouvement\u00a0ont l\u2019intention de d\u00e9lib\u00e9rer et de nommer, Rached Ghannouchi, t\u00eate de liste de Tunis 1, qui repr\u00e9sente la plus grande circonscription. \u201cC\u2019est une possibilit\u00e9 et nous l\u2019annoncerons dans les prochaines heures\u201d, a d\u00e9clar\u00e9 Khemiri dans une [&hellip;]<\/p>\n","protected":false},"author":1789,"featured_media":47127,"comment_status":"closed","ping_status":"closed","sticky":false,"template":"","format":"standard","meta":{"fifu_image_url":"","fifu_image_alt":"","footnotes":""},"categories":[73,55],"tags":[],"class_list":["post-47126","post","type-post","status-publish","format-standard","has-post-thumbnail","hentry","category-actualite","category-tunisie"],"_links":{"self":[{"href":"https:\/\/linitiative.ca\/International\/wp-json\/wp\/v2\/posts\/47126","targetHints":{"allow":["GET"]}}],"collection":[{"href":"https:\/\/linitiative.ca\/International\/wp-json\/wp\/v2\/posts"}],"about":[{"href":"https:\/\/linitiative.ca\/International\/wp-json\/wp\/v2\/types\/post"}],"author":[{"embeddable":true,"href":"https:\/\/linitiative.ca\/International\/wp-json\/wp\/v2\/users\/1789"}],"replies":[{"embeddable":true,"href":"https:\/\/linitiative.ca\/International\/wp-json\/wp\/v2\/comments?post=47126"}],"version-history":[{"count":0,"href":"https:\/\/linitiative.ca\/International\/wp-json\/wp\/v2\/posts\/47126\/revisions"}],"wp:featuredmedia":[{"embeddable":true,"href":"https:\/\/linitiative.ca\/International\/wp-json\/"}],"wp:attachment":[{"href":"https:\/\/linitiative.ca\/International\/wp-json\/wp\/v2\/media?parent=47126"}],"wp:term":[{"taxonomy":"category","embeddable":true,"href":"https:\/\/linitiative.ca\/International\/wp-json\/wp\/v2\/categories?post=47126"},{"taxonomy":"post_tag","embeddable":true,"href":"https:\/\/linitiative.ca\/International\/wp-json\/wp\/v2\/tags?post=47126"}],"curies":[{"name":"wp","href":"https:\/\/api.w.org\/{rel}","templated":true}]}}