{"id":47132,"date":"2019-07-18T12:13:41","date_gmt":"2019-07-18T16:13:41","guid":{"rendered":"https:\/\/linitiative.ca\/International\/tunisie-urgent-tozeur-un-homme-aux-commandes-dune-tractopelle-attaque-le-poste-de-la-garde-nationale-de-hezoua\/"},"modified":"2019-07-18T12:13:41","modified_gmt":"2019-07-18T16:13:41","slug":"tunisie-urgent-tozeur-un-homme-aux-commandes-dune-tractopelle-attaque-le-poste-de-la-garde-nationale-de-hezoua","status":"publish","type":"post","link":"https:\/\/linitiative.ca\/International\/tunisie-urgent-tozeur-un-homme-aux-commandes-dune-tractopelle-attaque-le-poste-de-la-garde-nationale-de-hezoua\/","title":{"rendered":"Tunisie \u2013 URGENT\u00a0: Tozeur\u00a0: Un homme aux commandes d\u2019une tractopelle attaque le poste de la garde nationale de Hezoua"},"content":{"rendered":"<div class=\"post-cont-in left relative\">\n<div class=\"swp_social_panel swp_horizontal_panel swp_flat_fresh swp_default_full_color swp_individual_full_color swp_other_full_color scale-100 scale-\" data-min-width=\"1100\" data-float-color=\"#ffffff\" data-float=\"none\" data-float-mobile=\"none\" data-transition=\"slide\">\n<div class=\"nc_tweetContainer swp_share_button total_shares total_sharesalt\"><span class=\"swp_count\">76 <span class=\"swp_label\">Partages<\/span><\/span><\/div>\n<\/div>\n<p>Un individu a attaqu\u00e9, ce jeudi, vers 13H00, le poste frontalier de la garde nationale de Hezoua, dans le gouvernorat de Tozeur, aux commandes d\u2019une tractopelle.<\/p>\n<p>Les agents de la garde nationale l\u2019ont averti \u00e0 plusieurs reprises, alors qu\u2019il d\u00e9passait le premier p\u00e9rim\u00e8tre de s\u00e9curit\u00e9 du poste. Comme l\u2019individu n\u2019a pas voulu obtemp\u00e9rer, ils ont \u00e9t\u00e9 amen\u00e9s \u00e0 lui tirer dessus.<\/p>\n<div class=\"code-block code-block-1 c3\"><ins class=\"adsbygoogle c2\" data-ad-layout=\"in-article\" data-ad-format=\"fluid\" data-ad-client=\"ca-pub-2102118777505746\" data-ad-slot=\"7301775417\"\/> <\/div>\n<p>L\u2019assaillant est d\u00e9c\u00e9d\u00e9 sur le coup, et une enqu\u00eate a \u00e9t\u00e9 ouverte pour connaitre les raisons de cette attaque.<\/p>\n<div class=\"mvp-org-wrap mvp-org-logo\" itemprop=\"publisher\" itemscope=\"\" itemtype=\"https:\/\/schema.org\/Organization\"><img decoding=\"async\" src=\"https:\/\/www.tunisienumerique.com\/wp-content\/uploads\/2017\/02\/logo_tunisie_numerique.png\"\/><\/div>\n<div class=\"swp_social_panel swp_horizontal_panel swp_flat_fresh swp_default_full_color swp_individual_full_color swp_other_full_color scale-100 scale-\" data-min-width=\"1100\" data-float-color=\"#ffffff\" data-float=\"none\" data-float-mobile=\"none\" data-transition=\"slide\">\n<div class=\"nc_tweetContainer swp_share_button total_shares total_sharesalt\"><span class=\"swp_count\">76 <span class=\"swp_label\">Partages<\/span><\/span><\/div>\n<\/div>\n<div class=\"mvp-related-posts left relative\">\n<h4 class=\"post-header\"><span class=\"post-header\">Lire aussi<\/span><\/h4>\n<\/div>\n<\/div>\n<p>Auteur: LM<br \/>\n<a href=\"https:\/\/www.tunisienumerique.com\/tunisie-urgent-tozeur-un-homme-aux-commandes-dune-tractopelle-attaque-le-poste-de-la-garde-nationale-de-hezoua\/\">Cliquez ici pour lire l&rsquo;article depuis sa source.<\/a><\/p>\n","protected":false},"excerpt":{"rendered":"<p>76 Partages Un individu a attaqu\u00e9, ce jeudi, vers 13H00, le poste frontalier de la garde nationale de Hezoua, dans le gouvernorat de Tozeur, aux commandes d\u2019une tractopelle. Les agents de la garde nationale l\u2019ont averti \u00e0 plusieurs reprises, alors qu\u2019il d\u00e9passait le premier p\u00e9rim\u00e8tre de s\u00e9curit\u00e9 du poste. Comme l\u2019individu n\u2019a pas voulu obtemp\u00e9rer, [&hellip;]<\/p>\n","protected":false},"author":1789,"featured_media":47133,"comment_status":"closed","ping_status":"closed","sticky":false,"template":"","format":"standard","meta":{"fifu_image_url":"","fifu_image_alt":"","footnotes":""},"categories":[73,55],"tags":[],"class_list":["post-47132","post","type-post","status-publish","format-standard","has-post-thumbnail","hentry","category-actualite","category-tunisie"],"_links":{"self":[{"href":"https:\/\/linitiative.ca\/International\/wp-json\/wp\/v2\/posts\/47132","targetHints":{"allow":["GET"]}}],"collection":[{"href":"https:\/\/linitiative.ca\/International\/wp-json\/wp\/v2\/posts"}],"about":[{"href":"https:\/\/linitiative.ca\/International\/wp-json\/wp\/v2\/types\/post"}],"author":[{"embeddable":true,"href":"https:\/\/linitiative.ca\/International\/wp-json\/wp\/v2\/users\/1789"}],"replies":[{"embeddable":true,"href":"https:\/\/linitiative.ca\/International\/wp-json\/wp\/v2\/comments?post=47132"}],"version-history":[{"count":0,"href":"https:\/\/linitiative.ca\/International\/wp-json\/wp\/v2\/posts\/47132\/revisions"}],"wp:featuredmedia":[{"embeddable":true,"href":"https:\/\/linitiative.ca\/International\/wp-json\/"}],"wp:attachment":[{"href":"https:\/\/linitiative.ca\/International\/wp-json\/wp\/v2\/media?parent=47132"}],"wp:term":[{"taxonomy":"category","embeddable":true,"href":"https:\/\/linitiative.ca\/International\/wp-json\/wp\/v2\/categories?post=47132"},{"taxonomy":"post_tag","embeddable":true,"href":"https:\/\/linitiative.ca\/International\/wp-json\/wp\/v2\/tags?post=47132"}],"curies":[{"name":"wp","href":"https:\/\/api.w.org\/{rel}","templated":true}]}}