{"id":47134,"date":"2019-07-18T14:23:29","date_gmt":"2019-07-18T18:23:29","guid":{"rendered":"https:\/\/linitiative.ca\/International\/tunisie-mehdi-jomaa-sattend-a-une-campagne-acharnee-de-diffamation\/"},"modified":"2019-07-18T14:23:29","modified_gmt":"2019-07-18T18:23:29","slug":"tunisie-mehdi-jomaa-sattend-a-une-campagne-acharnee-de-diffamation","status":"publish","type":"post","link":"https:\/\/linitiative.ca\/International\/tunisie-mehdi-jomaa-sattend-a-une-campagne-acharnee-de-diffamation\/","title":{"rendered":"Tunisie \u2013 Mehdi Joma\u00e2 s\u2019attend \u00e0 une campagne acharn\u00e9e de diffamation"},"content":{"rendered":"<div class=\"post-cont-in left relative\">\n<div class=\"swp_social_panel swp_horizontal_panel swp_flat_fresh swp_default_full_color swp_individual_full_color swp_other_full_color scale-100 scale-\" data-min-width=\"1100\" data-float-color=\"#ffffff\" data-float=\"none\" data-float-mobile=\"none\" data-transition=\"slide\">\n<div class=\"nc_tweetContainer swp_share_button total_shares total_sharesalt\"><span class=\"swp_count\">22 <span class=\"swp_label\">Partages<\/span><\/span><\/div>\n<\/div>\n<p>L\u2019ex-chef du gouvernement, et actuel pr\u00e9sident du parti Al Badil, Mehdi Joma\u00e2, a adress\u00e9, \u00e0 travers sa page facebook, une lettre ouverte \u00e0 ses partisans. Il leur annonce que, suite aux derni\u00e8res perc\u00e9es et r\u00e9ussites du parti, il fallait s\u2019attendre \u00e0 une campagne de diffamation qui va s\u2019acharner sur la direction du parti, et sur sa personne, en particulier. Il a ajout\u00e9 que les ennemis du parti, vont revenir \u00e0 d\u2019anciennes accusations le concernant, qu\u2019ils vont tout faire, pour remettre u devant de la sc\u00e8ne.<\/p>\n<p>Il a appel\u00e9 ses partisans \u00e0 ne pas tomber dans le pi\u00e8ge de la provocation. Il leur a demand\u00e9 de r\u00e9pondre \u00e0 la diffamation et aux insultes, par un discours ax\u00e9 sur les vrais programmes politiques et socio-\u00e9conomiques.<\/p>\n<div class=\"code-block code-block-1 c3\"><ins class=\"adsbygoogle c2\" data-ad-layout=\"in-article\" data-ad-format=\"fluid\" data-ad-client=\"ca-pub-2102118777505746\" data-ad-slot=\"7301775417\"\/> <\/div>\n<p>Il a ajout\u00e9 que le combat qu\u2019il va falloir mener, maintenant, est celui de la reprise \u00e9conomique, du r\u00e9tablissement du pouvoir d\u2019achat du tunisien, et non pas, celui des insultes et de la bassesse au nom de la politique.<\/p>\n<p><img loading=\"lazy\" decoding=\"async\" class=\"aligncenter size-full wp-image-449147\" src=\"https:\/\/www.tunisienumerique.com\/wp-content\/uploads\/2019\/07\/mehdi.jpg\" alt=\"\" width=\"960\" height=\"960\" srcset=\"https:\/\/www.tunisienumerique.com\/wp-content\/uploads\/2019\/07\/mehdi.jpg 960w, https:\/\/www.tunisienumerique.com\/wp-content\/uploads\/2019\/07\/mehdi-768x768.jpg 768w, https:\/\/www.tunisienumerique.com\/wp-content\/uploads\/2019\/07\/mehdi-600x600.jpg 600w, https:\/\/www.tunisienumerique.com\/wp-content\/uploads\/2019\/07\/mehdi-80x80.jpg 80w\" sizes=\"auto, (max-width: 960px) 100vw, 960px\"\/><\/p>\n<div class=\"mvp-org-wrap mvp-org-logo\" itemprop=\"publisher\" itemscope=\"\" itemtype=\"https:\/\/schema.org\/Organization\"><img decoding=\"async\" src=\"https:\/\/www.tunisienumerique.com\/wp-content\/uploads\/2017\/02\/logo_tunisie_numerique.png\"\/><\/div>\n<div class=\"swp_social_panel swp_horizontal_panel swp_flat_fresh swp_default_full_color swp_individual_full_color swp_other_full_color scale-100 scale-\" data-min-width=\"1100\" data-float-color=\"#ffffff\" data-float=\"none\" data-float-mobile=\"none\" data-transition=\"slide\">\n<div class=\"nc_tweetContainer swp_share_button total_shares total_sharesalt\"><span class=\"swp_count\">22 <span class=\"swp_label\">Partages<\/span><\/span><\/div>\n<\/div>\n<div class=\"mvp-related-posts left relative\">\n<h4 class=\"post-header\"><span class=\"post-header\">Lire aussi<\/span><\/h4>\n<\/div>\n<\/div>\n<p>Auteur: LM<br \/>\n<a href=\"https:\/\/www.tunisienumerique.com\/tunisie-mehdi-jomaa-sattend-a-une-campagne-acharnee-de-diffamation\/\">Cliquez ici pour lire l&rsquo;article depuis sa source.<\/a><\/p>\n","protected":false},"excerpt":{"rendered":"<p>22 Partages L\u2019ex-chef du gouvernement, et actuel pr\u00e9sident du parti Al Badil, Mehdi Joma\u00e2, a adress\u00e9, \u00e0 travers sa page facebook, une lettre ouverte \u00e0 ses partisans. Il leur annonce que, suite aux derni\u00e8res perc\u00e9es et r\u00e9ussites du parti, il fallait s\u2019attendre \u00e0 une campagne de diffamation qui va s\u2019acharner sur la direction du parti, [&hellip;]<\/p>\n","protected":false},"author":1789,"featured_media":47135,"comment_status":"closed","ping_status":"closed","sticky":false,"template":"","format":"standard","meta":{"fifu_image_url":"","fifu_image_alt":"","footnotes":""},"categories":[73,55],"tags":[],"class_list":["post-47134","post","type-post","status-publish","format-standard","has-post-thumbnail","hentry","category-actualite","category-tunisie"],"_links":{"self":[{"href":"https:\/\/linitiative.ca\/International\/wp-json\/wp\/v2\/posts\/47134","targetHints":{"allow":["GET"]}}],"collection":[{"href":"https:\/\/linitiative.ca\/International\/wp-json\/wp\/v2\/posts"}],"about":[{"href":"https:\/\/linitiative.ca\/International\/wp-json\/wp\/v2\/types\/post"}],"author":[{"embeddable":true,"href":"https:\/\/linitiative.ca\/International\/wp-json\/wp\/v2\/users\/1789"}],"replies":[{"embeddable":true,"href":"https:\/\/linitiative.ca\/International\/wp-json\/wp\/v2\/comments?post=47134"}],"version-history":[{"count":0,"href":"https:\/\/linitiative.ca\/International\/wp-json\/wp\/v2\/posts\/47134\/revisions"}],"wp:featuredmedia":[{"embeddable":true,"href":"https:\/\/linitiative.ca\/International\/wp-json\/"}],"wp:attachment":[{"href":"https:\/\/linitiative.ca\/International\/wp-json\/wp\/v2\/media?parent=47134"}],"wp:term":[{"taxonomy":"category","embeddable":true,"href":"https:\/\/linitiative.ca\/International\/wp-json\/wp\/v2\/categories?post=47134"},{"taxonomy":"post_tag","embeddable":true,"href":"https:\/\/linitiative.ca\/International\/wp-json\/wp\/v2\/tags?post=47134"}],"curies":[{"name":"wp","href":"https:\/\/api.w.org\/{rel}","templated":true}]}}