{"id":47136,"date":"2019-07-18T14:42:24","date_gmt":"2019-07-18T18:42:24","guid":{"rendered":"https:\/\/linitiative.ca\/International\/tunisie-sante-la-cheffe-de-service-de-neonatologie-de-lhopital-charles-nicolle-demande-lautorisation-de-le-fermer\/"},"modified":"2019-07-18T14:42:24","modified_gmt":"2019-07-18T18:42:24","slug":"tunisie-sante-la-cheffe-de-service-de-neonatologie-de-lhopital-charles-nicolle-demande-lautorisation-de-le-fermer","status":"publish","type":"post","link":"https:\/\/linitiative.ca\/International\/tunisie-sante-la-cheffe-de-service-de-neonatologie-de-lhopital-charles-nicolle-demande-lautorisation-de-le-fermer\/","title":{"rendered":"Tunisie \u2013 Sant\u00e9\u00a0: La cheffe de service de n\u00e9onatologie de l\u2019h\u00f4pital Charles Nicolle demande l\u2019autorisation de le fermer"},"content":{"rendered":"<div class=\"post-cont-in left relative\">\n<div class=\"swp_social_panel swp_horizontal_panel swp_flat_fresh swp_default_full_color swp_individual_full_color swp_other_full_color scale-100 scale-\" data-min-width=\"1100\" data-float-color=\"#ffffff\" data-float=\"none\" data-float-mobile=\"none\" data-transition=\"slide\">\n<div class=\"nc_tweetContainer swp_share_button total_shares total_sharesalt\"><span class=\"swp_count\">299 <span class=\"swp_label\">Partages<\/span><\/span><\/div>\n<\/div>\n<p>La cheffe du service de n\u00e9onatologie de l\u2019h\u00f4pital Charles Nicolle de Tunis a adress\u00e9, il y a deux jours, une lettre \u00e0 la ministre de la Sant\u00e9 par int\u00e9rim de bien vouloir autoriser la fermeture dudit service.\u00a0En cause les trop nombreux manquements qui gr\u00e8vent ce lieu, aussi bien au niveau des ressources humaines, qu\u2019\u00e0 celui de l\u2019infrastructure et des conditions du travail qui\u00a0font de la poursuite du travail dans cette structure, un exercice \u00e0 tr\u00e8s haut risque pour les nouveaux n\u00e9s qui y seront pris en charge. Elle s\u2019est bas\u00e9e sur les r\u00e9sultats de l\u2019inspection pratiqu\u00e9e dans son service, par les membres de l\u2019inspection m\u00e9dicale, qui ont conclu \u00e0 l\u2019impossibilit\u00e9 de continuer de travailler dans de telles conditions.<\/p>\n<p>La cheffe du service a, d\u2019ores et d\u00e9j\u00e0, inform\u00e9 la ministre du d\u00e9marrage des op\u00e9rations de transfert des nouveau-n\u00e9s qui sont hospitalis\u00e9s dans ce services, vers d\u2019autres structures hospitali\u00e8res mieux \u00e9quip\u00e9es et plus habilit\u00e9es \u00e0 les prendre en charge.<\/p>\n<div class=\"code-block code-block-1 c3\"><ins class=\"adsbygoogle c2\" data-ad-layout=\"in-article\" data-ad-format=\"fluid\" data-ad-client=\"ca-pub-2102118777505746\" data-ad-slot=\"7301775417\"\/> <\/div>\n<p><img loading=\"lazy\" decoding=\"async\" class=\"aligncenter wp-image-449153\" src=\"https:\/\/www.tunisienumerique.com\/wp-content\/uploads\/2019\/07\/neonat1.jpg\" alt=\"\" width=\"506\" height=\"606\"\/><\/p>\n<p><img loading=\"lazy\" decoding=\"async\" class=\"aligncenter size-full wp-image-449154\" src=\"https:\/\/www.tunisienumerique.com\/wp-content\/uploads\/2019\/07\/neonat2.jpg\" alt=\"\" width=\"507\" height=\"686\"\/><\/p>\n<div class=\"mvp-org-wrap mvp-org-logo\" itemprop=\"publisher\" itemscope=\"\" itemtype=\"https:\/\/schema.org\/Organization\"><img decoding=\"async\" src=\"https:\/\/www.tunisienumerique.com\/wp-content\/uploads\/2017\/02\/logo_tunisie_numerique.png\"\/><\/div>\n<div class=\"swp_social_panel swp_horizontal_panel swp_flat_fresh swp_default_full_color swp_individual_full_color swp_other_full_color scale-100 scale-\" data-min-width=\"1100\" data-float-color=\"#ffffff\" data-float=\"none\" data-float-mobile=\"none\" data-transition=\"slide\">\n<div class=\"nc_tweetContainer swp_share_button total_shares total_sharesalt\"><span class=\"swp_count\">299 <span class=\"swp_label\">Partages<\/span><\/span><\/div>\n<\/div>\n<div class=\"mvp-related-posts left relative\">\n<h4 class=\"post-header\"><span class=\"post-header\">Lire aussi<\/span><\/h4>\n<\/div>\n<\/div>\n<p>Auteur: LM<br \/>\n<a href=\"https:\/\/www.tunisienumerique.com\/tunisie-sante-la-cheffe-de-service-de-neonatologie-de-lhopital-charles-nicolle-demande-lautorisation-de-le-fermer\/\">Cliquez ici pour lire l&rsquo;article depuis sa source.<\/a><\/p>\n","protected":false},"excerpt":{"rendered":"<p>299 Partages La cheffe du service de n\u00e9onatologie de l\u2019h\u00f4pital Charles Nicolle de Tunis a adress\u00e9, il y a deux jours, une lettre \u00e0 la ministre de la Sant\u00e9 par int\u00e9rim de bien vouloir autoriser la fermeture dudit service.\u00a0En cause les trop nombreux manquements qui gr\u00e8vent ce lieu, aussi bien au niveau des ressources humaines, [&hellip;]<\/p>\n","protected":false},"author":1789,"featured_media":47137,"comment_status":"closed","ping_status":"closed","sticky":false,"template":"","format":"standard","meta":{"fifu_image_url":"","fifu_image_alt":"","footnotes":""},"categories":[73,55],"tags":[],"class_list":["post-47136","post","type-post","status-publish","format-standard","has-post-thumbnail","hentry","category-actualite","category-tunisie"],"_links":{"self":[{"href":"https:\/\/linitiative.ca\/International\/wp-json\/wp\/v2\/posts\/47136","targetHints":{"allow":["GET"]}}],"collection":[{"href":"https:\/\/linitiative.ca\/International\/wp-json\/wp\/v2\/posts"}],"about":[{"href":"https:\/\/linitiative.ca\/International\/wp-json\/wp\/v2\/types\/post"}],"author":[{"embeddable":true,"href":"https:\/\/linitiative.ca\/International\/wp-json\/wp\/v2\/users\/1789"}],"replies":[{"embeddable":true,"href":"https:\/\/linitiative.ca\/International\/wp-json\/wp\/v2\/comments?post=47136"}],"version-history":[{"count":0,"href":"https:\/\/linitiative.ca\/International\/wp-json\/wp\/v2\/posts\/47136\/revisions"}],"wp:featuredmedia":[{"embeddable":true,"href":"https:\/\/linitiative.ca\/International\/wp-json\/"}],"wp:attachment":[{"href":"https:\/\/linitiative.ca\/International\/wp-json\/wp\/v2\/media?parent=47136"}],"wp:term":[{"taxonomy":"category","embeddable":true,"href":"https:\/\/linitiative.ca\/International\/wp-json\/wp\/v2\/categories?post=47136"},{"taxonomy":"post_tag","embeddable":true,"href":"https:\/\/linitiative.ca\/International\/wp-json\/wp\/v2\/tags?post=47136"}],"curies":[{"name":"wp","href":"https:\/\/api.w.org\/{rel}","templated":true}]}}