{"id":47140,"date":"2019-07-18T16:56:53","date_gmt":"2019-07-18T20:56:53","guid":{"rendered":"https:\/\/linitiative.ca\/International\/tunisie-le-kef-trois-morts-et-sept-blesses-dans-un-grave-accident-de-la-route\/"},"modified":"2019-07-18T16:56:53","modified_gmt":"2019-07-18T20:56:53","slug":"tunisie-le-kef-trois-morts-et-sept-blesses-dans-un-grave-accident-de-la-route","status":"publish","type":"post","link":"https:\/\/linitiative.ca\/International\/tunisie-le-kef-trois-morts-et-sept-blesses-dans-un-grave-accident-de-la-route\/","title":{"rendered":"Tunisie \u2013 Le Kef\u00a0: trois morts et sept bless\u00e9s dans un grave accident de la route"},"content":{"rendered":"<div class=\"post-cont-in left relative\">\n<div class=\"swp_social_panel swp_horizontal_panel swp_flat_fresh swp_default_full_color swp_individual_full_color swp_other_full_color scale-100 scale-\" data-min-width=\"1100\" data-float-color=\"#ffffff\" data-float=\"none\" data-float-mobile=\"none\" data-transition=\"slide\">\n<div class=\"nc_tweetContainer swp_share_button total_shares total_sharesalt\"><span class=\"swp_count\">16 <span class=\"swp_label\">Partages<\/span><\/span><\/div>\n<\/div>\n<p>Un grave accident de la route s\u2019est produit, ce jeudi apr\u00e8s midi, sur la RN N\u00b0 17 reliant Le Kef \u00e0 Tajerouine.<\/p>\n<p>Il s\u2019agit\u00a0d\u2019une collision entre une camionnette et une voiture de louage qui s\u2019est sold\u00e9 par trois d\u00e9c\u00e8s sur place et sept bless\u00e9s.<\/p>\n<div class=\"code-block code-block-1 c3\"><ins class=\"adsbygoogle c2\" data-ad-layout=\"in-article\" data-ad-format=\"fluid\" data-ad-client=\"ca-pub-2102118777505746\" data-ad-slot=\"7301775417\"\/> <\/div>\n<p><img loading=\"lazy\" decoding=\"async\" class=\"aligncenter size-full wp-image-449163\" src=\"https:\/\/www.tunisienumerique.com\/wp-content\/uploads\/2019\/07\/accident2.jpg\" alt=\"\" width=\"528\" height=\"647\"\/><\/p>\n<div class=\"mvp-org-wrap mvp-org-logo\" itemprop=\"publisher\" itemscope=\"\" itemtype=\"https:\/\/schema.org\/Organization\"><img decoding=\"async\" src=\"https:\/\/www.tunisienumerique.com\/wp-content\/uploads\/2017\/02\/logo_tunisie_numerique.png\"\/><\/div>\n<div class=\"swp_social_panel swp_horizontal_panel swp_flat_fresh swp_default_full_color swp_individual_full_color swp_other_full_color scale-100 scale-\" data-min-width=\"1100\" data-float-color=\"#ffffff\" data-float=\"none\" data-float-mobile=\"none\" data-transition=\"slide\">\n<div class=\"nc_tweetContainer swp_share_button total_shares total_sharesalt\"><span class=\"swp_count\">16 <span class=\"swp_label\">Partages<\/span><\/span><\/div>\n<\/div>\n<div class=\"mvp-related-posts left relative\">\n<h4 class=\"post-header\"><span class=\"post-header\">Lire aussi<\/span><\/h4>\n<\/div>\n<\/div>\n<p>Auteur: LM<br \/>\n<a href=\"https:\/\/www.tunisienumerique.com\/tunisie-le-kef-trois-morts-et-sept-blesses-dans-un-grave-accident-de-la-route\/\">Cliquez ici pour lire l&rsquo;article depuis sa source.<\/a><\/p>\n","protected":false},"excerpt":{"rendered":"<p>16 Partages Un grave accident de la route s\u2019est produit, ce jeudi apr\u00e8s midi, sur la RN N\u00b0 17 reliant Le Kef \u00e0 Tajerouine. Il s\u2019agit\u00a0d\u2019une collision entre une camionnette et une voiture de louage qui s\u2019est sold\u00e9 par trois d\u00e9c\u00e8s sur place et sept bless\u00e9s. 16 Partages Lire aussi Auteur: LM Cliquez ici pour [&hellip;]<\/p>\n","protected":false},"author":1789,"featured_media":47141,"comment_status":"closed","ping_status":"closed","sticky":false,"template":"","format":"standard","meta":{"fifu_image_url":"","fifu_image_alt":"","footnotes":""},"categories":[73,55],"tags":[],"class_list":["post-47140","post","type-post","status-publish","format-standard","has-post-thumbnail","hentry","category-actualite","category-tunisie"],"_links":{"self":[{"href":"https:\/\/linitiative.ca\/International\/wp-json\/wp\/v2\/posts\/47140","targetHints":{"allow":["GET"]}}],"collection":[{"href":"https:\/\/linitiative.ca\/International\/wp-json\/wp\/v2\/posts"}],"about":[{"href":"https:\/\/linitiative.ca\/International\/wp-json\/wp\/v2\/types\/post"}],"author":[{"embeddable":true,"href":"https:\/\/linitiative.ca\/International\/wp-json\/wp\/v2\/users\/1789"}],"replies":[{"embeddable":true,"href":"https:\/\/linitiative.ca\/International\/wp-json\/wp\/v2\/comments?post=47140"}],"version-history":[{"count":0,"href":"https:\/\/linitiative.ca\/International\/wp-json\/wp\/v2\/posts\/47140\/revisions"}],"wp:featuredmedia":[{"embeddable":true,"href":"https:\/\/linitiative.ca\/International\/wp-json\/"}],"wp:attachment":[{"href":"https:\/\/linitiative.ca\/International\/wp-json\/wp\/v2\/media?parent=47140"}],"wp:term":[{"taxonomy":"category","embeddable":true,"href":"https:\/\/linitiative.ca\/International\/wp-json\/wp\/v2\/categories?post=47140"},{"taxonomy":"post_tag","embeddable":true,"href":"https:\/\/linitiative.ca\/International\/wp-json\/wp\/v2\/tags?post=47140"}],"curies":[{"name":"wp","href":"https:\/\/api.w.org\/{rel}","templated":true}]}}