{"id":47142,"date":"2019-07-18T17:09:00","date_gmt":"2019-07-18T21:09:00","guid":{"rendered":"https:\/\/linitiative.ca\/International\/tunisie-pluies-de-moyenne-abondance-sur-nabeul\/"},"modified":"2019-07-18T17:09:00","modified_gmt":"2019-07-18T21:09:00","slug":"tunisie-pluies-de-moyenne-abondance-sur-nabeul","status":"publish","type":"post","link":"https:\/\/linitiative.ca\/International\/tunisie-pluies-de-moyenne-abondance-sur-nabeul\/","title":{"rendered":"Tunisie \u2013 Pluies de moyenne abondance sur Nabeul"},"content":{"rendered":"<div class=\"post-cont-in left relative\">\n<div class=\"swp_social_panel swp_horizontal_panel swp_flat_fresh swp_default_full_color swp_individual_full_color swp_other_full_color scale-100 scale-\" data-min-width=\"1100\" data-float-color=\"#ffffff\" data-float=\"none\" data-float-mobile=\"none\" data-transition=\"slide\">\n<div class=\"nc_tweetContainer swp_share_button total_shares total_sharesalt\"><span class=\"swp_count\">1 <span class=\"swp_label\">Partages<\/span><\/span><\/div>\n<\/div>\n<p>Des pluies accompagn\u00e9es d\u2019orages et de bourrasques de vent, ont \u00e9t\u00e9 enregistr\u00e9es, ce jeudi apr\u00e8s midi, dans la r\u00e9gion de Nabeul, et qui ont int\u00e9ress\u00e9 les villes de Nabeul, Beni Khiar, Korba, Dar Cha\u00e2b\u00e8ne et Beni Khalled.<\/p>\n<p>Les quantit\u00e9s de pluie enregistr\u00e9es ont vari\u00e9 entre 5 et 20 mm, avec un maximum dans la zone rurale d\u2019El Menzah \u00e0 Beni Khalled.<\/p>\n<div class=\"code-block code-block-1 c3\"><ins class=\"adsbygoogle c2\" data-ad-layout=\"in-article\" data-ad-format=\"fluid\" data-ad-client=\"ca-pub-2102118777505746\" data-ad-slot=\"7301775417\"\/> <\/div>\n<div class=\"mvp-org-wrap mvp-org-logo\" itemprop=\"publisher\" itemscope=\"\" itemtype=\"https:\/\/schema.org\/Organization\"><img decoding=\"async\" src=\"https:\/\/www.tunisienumerique.com\/wp-content\/uploads\/2017\/02\/logo_tunisie_numerique.png\"\/><\/div>\n<div class=\"swp_social_panel swp_horizontal_panel swp_flat_fresh swp_default_full_color swp_individual_full_color swp_other_full_color scale-100 scale-\" data-min-width=\"1100\" data-float-color=\"#ffffff\" data-float=\"none\" data-float-mobile=\"none\" data-transition=\"slide\">\n<div class=\"nc_tweetContainer swp_share_button total_shares total_sharesalt\"><span class=\"swp_count\">1 <span class=\"swp_label\">Partages<\/span><\/span><\/div>\n<\/div>\n<div class=\"mvp-related-posts left relative\">\n<h4 class=\"post-header\"><span class=\"post-header\">Lire aussi<\/span><\/h4>\n<\/div>\n<\/div>\n<p>Auteur: LM<br \/>\n<a href=\"https:\/\/www.tunisienumerique.com\/tunisie-pluies-de-moyenne-abondance-sur-nabeul\/\">Cliquez ici pour lire l&rsquo;article depuis sa source.<\/a><\/p>\n","protected":false},"excerpt":{"rendered":"<p>1 Partages Des pluies accompagn\u00e9es d\u2019orages et de bourrasques de vent, ont \u00e9t\u00e9 enregistr\u00e9es, ce jeudi apr\u00e8s midi, dans la r\u00e9gion de Nabeul, et qui ont int\u00e9ress\u00e9 les villes de Nabeul, Beni Khiar, Korba, Dar Cha\u00e2b\u00e8ne et Beni Khalled. Les quantit\u00e9s de pluie enregistr\u00e9es ont vari\u00e9 entre 5 et 20 mm, avec un maximum dans [&hellip;]<\/p>\n","protected":false},"author":1789,"featured_media":47143,"comment_status":"closed","ping_status":"closed","sticky":false,"template":"","format":"standard","meta":{"fifu_image_url":"","fifu_image_alt":"","footnotes":""},"categories":[73,55],"tags":[],"class_list":["post-47142","post","type-post","status-publish","format-standard","has-post-thumbnail","hentry","category-actualite","category-tunisie"],"_links":{"self":[{"href":"https:\/\/linitiative.ca\/International\/wp-json\/wp\/v2\/posts\/47142","targetHints":{"allow":["GET"]}}],"collection":[{"href":"https:\/\/linitiative.ca\/International\/wp-json\/wp\/v2\/posts"}],"about":[{"href":"https:\/\/linitiative.ca\/International\/wp-json\/wp\/v2\/types\/post"}],"author":[{"embeddable":true,"href":"https:\/\/linitiative.ca\/International\/wp-json\/wp\/v2\/users\/1789"}],"replies":[{"embeddable":true,"href":"https:\/\/linitiative.ca\/International\/wp-json\/wp\/v2\/comments?post=47142"}],"version-history":[{"count":0,"href":"https:\/\/linitiative.ca\/International\/wp-json\/wp\/v2\/posts\/47142\/revisions"}],"wp:featuredmedia":[{"embeddable":true,"href":"https:\/\/linitiative.ca\/International\/wp-json\/"}],"wp:attachment":[{"href":"https:\/\/linitiative.ca\/International\/wp-json\/wp\/v2\/media?parent=47142"}],"wp:term":[{"taxonomy":"category","embeddable":true,"href":"https:\/\/linitiative.ca\/International\/wp-json\/wp\/v2\/categories?post=47142"},{"taxonomy":"post_tag","embeddable":true,"href":"https:\/\/linitiative.ca\/International\/wp-json\/wp\/v2\/tags?post=47142"}],"curies":[{"name":"wp","href":"https:\/\/api.w.org\/{rel}","templated":true}]}}