{"id":47145,"date":"2019-07-18T15:38:10","date_gmt":"2019-07-18T19:38:10","guid":{"rendered":"https:\/\/linitiative.ca\/International\/nouvelle-configuration-du-rhdp\/"},"modified":"2019-07-18T15:38:10","modified_gmt":"2019-07-18T19:38:10","slug":"nouvelle-configuration-du-rhdp","status":"publish","type":"post","link":"https:\/\/linitiative.ca\/International\/nouvelle-configuration-du-rhdp\/","title":{"rendered":"NOUVELLE CONFIGURATION DU RHDP"},"content":{"rendered":"<div class=\"stream-item stream-item-above-post-content\">\n<p><noscript><\/p>\n<p><a href=\"\/\/www3.smartadserver.com\/ac?jump=1&#038;nwid=2136&#038;siteid=240610&#038;pgname=rg&#038;fmtid=49046&#038;visit=m&#038;tmstp=[timestamp]&#038;out=nonrich\" target=\"_blank\" rel=\"noopener noreferrer\"><img decoding=\"async\" src=\"\/\/www3.smartadserver.com\/ac?out=nonrich&#038;nwid=2136&#038;siteid=240610&#038;pgname=rg&#038;fmtid=49046&#038;visit=m&#038;tmstp=[timestamp]\" border=\"0\" alt=\"\"\/><\/a><\/p>\n<p><\/noscript><\/div>\n<p class=\"c3\"><em>La Direction ex\u00e9cutive de 33 membres, du RHDP (Rassemblement des houphou\u00ebtistes pour la d\u00e9mocratie et la paix), est d\u00e9sormais connue. V\u00e9ritable \u00ab\u00a0machine\u00a0\u00bb destin\u00e9e \u00e0 monter \u00e0 l\u2019assaut de la pr\u00e9sidentielle prochaine, elle a \u00e9t\u00e9 confi\u00e9e au Premier ministre ivoirien, Amadou Gon Coulibaly, homme de confiance, s\u2019il en est, du pr\u00e9sident ivoirien, Alassane Dramane Ouatttara (ADO). Cette machine est cens\u00e9e constituer le \u00ab\u00a0c\u0153ur\u00a0\u00bb du RHDP. Il n\u2019en fallait pas plus pour faire dire \u00e0 bien des observateurs de la sc\u00e8ne politique ivoirienne,\u00a0que le dirigeant ivoirien s\u2019est choisi son dauphin, \u00e9touffant ainsi les ambitions pr\u00e9sidentielles de loups aux dents longues et ac\u00e9r\u00e9es au sein de son propre camp. D\u00e9sormais donc, tout serait clarifi\u00e9 au sein du parti pr\u00e9sidentiel avec la nouvelle configuration du RHDP \u00ab\u00a0taill\u00e9 sur mesure\u00a0\u00bb pour le natif de Korhogo.<\/em><\/p>\n<p class=\"c3\"><strong>ADO veut, de toute apparence, compter sur des fid\u00e8les et dont la loyaut\u00e9 n\u2019a jamais \u00e9t\u00e9 remise en cause<\/strong><\/p>\n<p class=\"c3\"><em>Il faut souligner que la direction ex\u00e9cutive du parti, est confi\u00e9e \u00e0 un autre fid\u00e8le, Adama Bictogo. A moins d\u2019un an et demi d\u2019une pr\u00e9sidentielle qui s\u2019annonce pour le moins disput\u00e9e, ADO a donc tranch\u00e9 d\u00e9finitivement sur les hommes qui iront au combat, et dont la mission premi\u00e8re, sera de mener la campagne. De ces nominations rendues officielles le 12 juillet dernier, se d\u00e9gage un constat : le pr\u00e9sident du RHDP, ADO, veut, de toute apparence, compter sur des fid\u00e8les et dont la loyaut\u00e9 n\u2019a jamais \u00e9t\u00e9 remise en cause. Sans doute l\u2019absence de personnalit\u00e9s comme Charles Koffi Diby, Daniel Kablan Duncan, Jeannot Ahoussou, tous transfuges du PDCI-RDA, de la liste des nominations, participe-t-elle de la volont\u00e9 du pr\u00e9sident du RHDP, de miser plut\u00f4t sur des personnalit\u00e9s qui ont longtemps fait la preuve de leur engagement sans faille et de leur d\u00e9vouement \u00e0 toute \u00e9preuve \u00e0 ses c\u00f4t\u00e9s. Si donc ces trois anciens cadres du PDCI-RDA et bien d\u2019autres, ne figurent nulle part\u00a0; ni dans le Directoire du RHDP ni dans la Direction ex\u00e9cutive du parti, c\u2019est que ADO qui n\u2019est pas tomb\u00e9 de la derni\u00e8re pluie et qui sait que qui a trahi d\u00e9j\u00e0 les siens, peut encore trahir, surtout quand il s\u2019agit de transfuges, a pr\u00e9f\u00e9r\u00e9 jouer la prudence pour ne pas voir ses ambitions contrari\u00e9es. Mais, peut-\u00eatre aussi que ces anciens poids lourds du PDCI ralli\u00e9s au RHDP, de m\u00eame que des cadres du RDR &#8211; ils ne sont donc pas les seuls &#8211; n\u2019ont pas fait partie du casting pour la simple raison que le chef de l\u2019Etat ivoirien a tenu \u00e0 former une \u00e9quipe jeune pour donner corps \u00e0 son souhait plusieurs fois r\u00e9it\u00e9r\u00e9, de \u00ab\u00a0transmettre le pouvoir \u00e0 une nouvelle g\u00e9n\u00e9ration\u00a0\u00bb. Ils pourraient donc \u00eatre consid\u00e9r\u00e9s comme les recal\u00e9s de la transition g\u00e9n\u00e9rationnelle voulue par ADO.<\/em><\/p>\n<p><strong>En adh\u00e9rant au RHDP, ces anciens pontes s\u2019attendaient sans aucun doute \u00e0 bien plus, en r\u00e9compense \u00e0 leur ralliement<\/strong><\/p>\n<p class=\"c3\"><em>Mais peut-\u00eatre y a-t-il les deux raisons \u00e0 la fois, qui expliquent l\u2019absence de ces transfuges. Faut-il, pour autant, dire que le pr\u00e9sident ivoirien les a ignor\u00e9s\u00a0; eux qui sont toutefois membres du Conseil politique\u00a0? Ont-ils \u00e9t\u00e9 remerci\u00e9s en monnaie de singe\u00a0? Ont-ils v\u00e9cu ces nominations comme une humiliation\u00a0? A cette derni\u00e8re interrogation, on peut tout de m\u00eame \u00eatre habit\u00e9 par le doute. Certes, en adh\u00e9rant au RHDP, ces anciens pontes s\u2019attendaient sans aucun doute \u00e0 bien plus, en r\u00e9compense \u00e0 leur ralliement. Mais, de l\u00e0 \u00e0 affirmer qu\u2019ils auraient \u00e9t\u00e9 d\u2019accord pour se mettre au service de l\u2019actuel Premier ministre qui est en train de tracer sa voie vers la succession du pr\u00e9sident Ouattara, il y a un pas qu\u2019on se garderait de franchir all\u00e8grement. C\u2019est dire si cette apparente ou suppos\u00e9e mise \u00e0 l\u2019\u00e9cart de ces personnalit\u00e9s du RHDP, peut n\u2019en n\u2019\u00eatre pas vraiment une. Sans doute tout cela participe-t-il plut\u00f4t d\u2019une strat\u00e9gie de management de ses fid\u00e8les et alli\u00e9es, dont ADO est le seul \u00e0 conna\u00eetre les tenants et les aboutissants. En tous les cas, l\u2019avenir nous dira si Henri Konan B\u00e9di\u00e9, le patron du PDCI-RDA, qui a d\u00fb boire son petit lait \u00e0 l\u2019annonce de la composition des membres de l\u2019\u00e9quipe du RHDP, a eu tort ou non de se r\u00e9jouir trop vite. Pour le reste, on saura quel sera l\u2019impact de cette nouvelle reconfiguration du RHDP, sur la marche du parti, au sommet comme \u00e0 la base.<\/em><\/p>\n<p class=\"c3\"><strong><em>\u00ab\u00a0Le Pays\u00a0\u00bb<\/em><\/strong><\/p>\n<p>Auteur: Le Pays<br \/>\n<a href=\"http:\/\/lepays.bf\/nouvelle-configuration-du-rhdp-2\/\">Cliquez ici pour lire l&rsquo;article depuis sa source.<\/a><\/p>\n","protected":false},"excerpt":{"rendered":"<p>La Direction ex\u00e9cutive de 33 membres, du RHDP (Rassemblement des houphou\u00ebtistes pour la d\u00e9mocratie et la paix), est d\u00e9sormais connue. V\u00e9ritable \u00ab\u00a0machine\u00a0\u00bb destin\u00e9e \u00e0 monter \u00e0 l\u2019assaut de la pr\u00e9sidentielle prochaine, elle a \u00e9t\u00e9 confi\u00e9e au Premier ministre ivoirien, Amadou Gon Coulibaly, homme de confiance, s\u2019il en est, du pr\u00e9sident ivoirien, Alassane Dramane Ouatttara (ADO). [&hellip;]<\/p>\n","protected":false},"author":1813,"featured_media":0,"comment_status":"closed","ping_status":"closed","sticky":false,"template":"","format":"standard","meta":{"fifu_image_url":"","fifu_image_alt":"","footnotes":""},"categories":[73,81],"tags":[],"class_list":["post-47145","post","type-post","status-publish","format-standard","hentry","category-actualite","category-burkina-faso"],"_links":{"self":[{"href":"https:\/\/linitiative.ca\/International\/wp-json\/wp\/v2\/posts\/47145","targetHints":{"allow":["GET"]}}],"collection":[{"href":"https:\/\/linitiative.ca\/International\/wp-json\/wp\/v2\/posts"}],"about":[{"href":"https:\/\/linitiative.ca\/International\/wp-json\/wp\/v2\/types\/post"}],"author":[{"embeddable":true,"href":"https:\/\/linitiative.ca\/International\/wp-json\/wp\/v2\/users\/1813"}],"replies":[{"embeddable":true,"href":"https:\/\/linitiative.ca\/International\/wp-json\/wp\/v2\/comments?post=47145"}],"version-history":[{"count":0,"href":"https:\/\/linitiative.ca\/International\/wp-json\/wp\/v2\/posts\/47145\/revisions"}],"wp:attachment":[{"href":"https:\/\/linitiative.ca\/International\/wp-json\/wp\/v2\/media?parent=47145"}],"wp:term":[{"taxonomy":"category","embeddable":true,"href":"https:\/\/linitiative.ca\/International\/wp-json\/wp\/v2\/categories?post=47145"},{"taxonomy":"post_tag","embeddable":true,"href":"https:\/\/linitiative.ca\/International\/wp-json\/wp\/v2\/tags?post=47145"}],"curies":[{"name":"wp","href":"https:\/\/api.w.org\/{rel}","templated":true}]}}