{"id":47146,"date":"2019-07-18T15:41:26","date_gmt":"2019-07-18T19:41:26","guid":{"rendered":"https:\/\/linitiative.ca\/International\/profanation-des-symboles-de-letat-malien\/"},"modified":"2019-07-18T15:41:26","modified_gmt":"2019-07-18T19:41:26","slug":"profanation-des-symboles-de-letat-malien","status":"publish","type":"post","link":"https:\/\/linitiative.ca\/International\/profanation-des-symboles-de-letat-malien\/","title":{"rendered":"PROFANATION DES SYMBOLES DE L\u2019ETAT MALIEN"},"content":{"rendered":"<div class=\"stream-item stream-item-above-post-content\">\n<p><noscript><\/p>\n<p><a href=\"\/\/www3.smartadserver.com\/ac?jump=1&#038;nwid=2136&#038;siteid=240610&#038;pgname=rg&#038;fmtid=49046&#038;visit=m&#038;tmstp=[timestamp]&#038;out=nonrich\" target=\"_blank\" rel=\"noopener noreferrer\"><img decoding=\"async\" src=\"\/\/www3.smartadserver.com\/ac?out=nonrich&#038;nwid=2136&#038;siteid=240610&#038;pgname=rg&#038;fmtid=49046&#038;visit=m&#038;tmstp=[timestamp]\" border=\"0\" alt=\"\"\/><\/a><\/p>\n<p><\/noscript><\/div>\n<p class=\"c3\"><em>Le 17 juillet, la c\u00e9l\u00e9brissime localit\u00e9 de Kidal, au Mali, a encore fait parler d\u2019elle en d\u00e9fiant Bamako. En effet, en marge de la visite d\u2019un groupe de parlementaires de l\u2019Assembl\u00e9e nationale dans cette ville, des activistes se sont livr\u00e9s \u00e0 des actes de profanation des symboles de l\u2019Etat malien. Ainsi, des drapeaux ont subi des autodaf\u00e9s ou encore \u00e9t\u00e9 tra\u00een\u00e9s dans la boue. A cela, il faut ajouter que des slogans favorables \u00e0 l\u2019Azawad, du nom de cette R\u00e9publique revendiqu\u00e9e initialement par le Mouvement national de lib\u00e9ration de l\u2019Azawad (MNLA), ont \u00e9t\u00e9 scand\u00e9s au nez et \u00e0 la barbe des \u00ab\u00a0\u00e9trangers\u00a0\u00bb venus de Bamako, c\u2019est-\u00e0-dire les parlementaires de l\u2019Assembl\u00e9e nationale. Le gouvernement malien a vite r\u00e9agi en condamnant vigoureusement des actes de profanation des symboles de la R\u00e9publique. Le MNLA, qui s\u2019est rendu ma\u00eetre absolu des lieux par la force des armes, a, lui aussi, embouch\u00e9 la m\u00eame trompette. Mieux, il dit se d\u00e9solidariser \u00ab\u00a0sans ambages de tout acte contraire \u00e0 ses engagements pris dans le cadre de l\u2019Accord de paix d\u2019Alger, y compris ceux li\u00e9s aux symboles de l\u2019Etat dans la ville de Kidal\u00a0\u00bb. Cet extrait du communiqu\u00e9 sign\u00e9 par son porte-parole, r\u00e9v\u00e8le une chose. En effet, pendant que Bamako pr\u00e9f\u00e8re appeler le chat par son nom, en qualifiant les actes pos\u00e9s par les activistes de la soci\u00e9t\u00e9 civile de Kidal, d\u2019atteintes gravissimes \u00e0 la R\u00e9publique, les ind\u00e9pendantistes usent d\u2019euph\u00e9mismes du genre\u00a0 \u00ab\u00a0comportement inappropri\u00e9 \u00e0 l\u2019\u00e9gard du drapeau national\u00a0\u00bb. Le moins que l\u2019on puisse dire, c\u2019est que le vocabulaire employ\u00e9 par les ma\u00eetres absolus de Kidal, n\u2019est pas anodin. Il peut \u00eatre d\u00e9crypt\u00e9 comme traduisant une attitude de complaisance, voire de complicit\u00e9 avec les auteurs de ces actes de vandalisme. Et quand les ind\u00e9pendantistes \u00e9voquent une \u00ab\u00a0marche spontan\u00e9e d\u2019activistes de la soci\u00e9t\u00e9 civile de Kidal\u00a0\u00bb, l\u2019on peut avoir des raisons d\u2019\u00eatre dubitatif.<\/em><\/p>\n<p class=\"c3\"><strong>Kidal est \u00e0 son \u00e9ni\u00e8me acte de d\u00e9fiance vis-\u00e0-vis de Bamako<\/strong><\/p>\n<p class=\"c3\"><em>La premi\u00e8re est que la visite des parlementaires de l\u2019Assembl\u00e9e nationale, qui a r\u00e9veill\u00e9 l\u2019instinct ind\u00e9pendantiste des marcheurs, a \u00e9t\u00e9 organis\u00e9e de concert avec la CMA. Cette derni\u00e8re avait donc les moyens d\u2019\u00e9viter ce qu\u2019elle qualifie de \u00ab comportement inappropri\u00e9\u00bb. L\u2019autre raison qui peut conduire \u00e0 \u00eatre dubitatif quant \u00e0 la sinc\u00e9rit\u00e9 de la Coordination des mouvements de l\u2019Azawad (CMA), est que la ville de Kidal est sous son emprise totale. Rien ne peut s\u2019y passer sans son consentement. De ce point de vue, quand la CMA parle de \u00ab marche spontan\u00e9e \u00bb, l\u2019on peut avoir envie de rire. La v\u00e9rit\u00e9 est que la CMA ne s\u2019est jamais d\u00e9barrass\u00e9e de sa posture de mouvement ind\u00e9pendante. Mais comme elle ne peut plus l\u2019afficher publiquement, accord de paix d\u2019Alger oblige, elle fait porter cette revendication par d\u2019autres structures. Et la meilleure mani\u00e8re de le faire sans courir le risque de se faire remonter les bretelles par la communaut\u00e9 internationale, est de passer par ce qu\u2019elle appelle la soci\u00e9t\u00e9 civile. Et l\u2019on n\u2019a pas besoin d\u2019\u00eatre vers\u00e9 dans l\u2019art de d\u00e9crypter les \u00e9v\u00e9nements au second degr\u00e9, pour savoir que derri\u00e8re \u00ab les activistes de la soci\u00e9t\u00e9 civile de Kidal \u00bb qui ont os\u00e9 \u00ab d\u00e9f\u00e9quer dans le champ du chef \u00bb pour reprendre un proverbe africain, peut se cacher la CMA.<\/em> <em>Et l\u2019autre nom de la CMA est le MNLA (Mouvement national de lib\u00e9ration de l\u2019Azawad). En effet, ce dernier, principale composante de la CMA, n\u2019a jamais fait myst\u00e8re de sa volont\u00e9 de soustraire le Nord-Mali de la R\u00e9publique malienne pour en faire un Etat ind\u00e9pendant. Seulement, le contexte lui impose de mettre ce projet en berne. Mais par moments, comme ce fut le cas le 17 juillet dernier, elle proc\u00e8de par des piq\u00fbres de rappel via des organisations fantoches. Et c\u2019est fort probable que Bamako soit consciente de cette supercherie de la CMA qui, comme la souris, mord et souffle \u00e0 la fois. Mais que peut-elle faire ? Absolument rien. En tout cas, militairement, ce ne serait pas chose ais\u00e9e. Politiquement, le gouvernement malien a tout fait pour que Kidal r\u00e9int\u00e8gre v\u00e9ritablement la R\u00e9publique. Mais en vain. Toutes les fois, en effet, que le gouvernement malien y envoie une d\u00e9l\u00e9gation, celle-ci fait l\u2019objet d\u2019humiliation voire de menaces de mort. Moussa Mara, Premier ministre d\u2019alors, qui y a effectu\u00e9 une visite, sait de quoi l\u2019on parle. De ce point de vue, ce qui vient de se passer \u00e0 Kidal n\u2019\u00e9tonne personne. Cette ville, en effet, est \u00e0 son \u00e9ni\u00e8me acte de d\u00e9fiance vis-\u00e0-vis de Bamako. Encore Kidal ! Peut-on s\u2019exclamer en guise d\u2019exasp\u00e9ration. Tous les amis sinc\u00e8res du Mali, ainsi que tous ceux qui peuvent faire entendre raison \u00e0 la lunatique CMA, doivent s\u2019impliquer pour que Kidal cesse de narguer l\u2019Etat malien, car la paix dans ce pays et la paix dans le Sahel africain, aujourd\u2019hui \u00e0 l\u2019article de la mort, en d\u00e9pendent.<\/em><\/p>\n<p class=\"c3\"><strong><em>Pousdem PICKOU<\/em><\/strong><\/p>\n<p>Auteur: Le Pays<br \/>\n<a href=\"http:\/\/lepays.bf\/profanation-des-symboles-de-letat-malien\/\">Cliquez ici pour lire l&rsquo;article depuis sa source.<\/a><\/p>\n","protected":false},"excerpt":{"rendered":"<p>Le 17 juillet, la c\u00e9l\u00e9brissime localit\u00e9 de Kidal, au Mali, a encore fait parler d\u2019elle en d\u00e9fiant Bamako. En effet, en marge de la visite d\u2019un groupe de parlementaires de l\u2019Assembl\u00e9e nationale dans cette ville, des activistes se sont livr\u00e9s \u00e0 des actes de profanation des symboles de l\u2019Etat malien. Ainsi, des drapeaux ont subi [&hellip;]<\/p>\n","protected":false},"author":1813,"featured_media":0,"comment_status":"closed","ping_status":"closed","sticky":false,"template":"","format":"standard","meta":{"fifu_image_url":"","fifu_image_alt":"","footnotes":""},"categories":[73,81],"tags":[],"class_list":["post-47146","post","type-post","status-publish","format-standard","hentry","category-actualite","category-burkina-faso"],"_links":{"self":[{"href":"https:\/\/linitiative.ca\/International\/wp-json\/wp\/v2\/posts\/47146","targetHints":{"allow":["GET"]}}],"collection":[{"href":"https:\/\/linitiative.ca\/International\/wp-json\/wp\/v2\/posts"}],"about":[{"href":"https:\/\/linitiative.ca\/International\/wp-json\/wp\/v2\/types\/post"}],"author":[{"embeddable":true,"href":"https:\/\/linitiative.ca\/International\/wp-json\/wp\/v2\/users\/1813"}],"replies":[{"embeddable":true,"href":"https:\/\/linitiative.ca\/International\/wp-json\/wp\/v2\/comments?post=47146"}],"version-history":[{"count":0,"href":"https:\/\/linitiative.ca\/International\/wp-json\/wp\/v2\/posts\/47146\/revisions"}],"wp:attachment":[{"href":"https:\/\/linitiative.ca\/International\/wp-json\/wp\/v2\/media?parent=47146"}],"wp:term":[{"taxonomy":"category","embeddable":true,"href":"https:\/\/linitiative.ca\/International\/wp-json\/wp\/v2\/categories?post=47146"},{"taxonomy":"post_tag","embeddable":true,"href":"https:\/\/linitiative.ca\/International\/wp-json\/wp\/v2\/tags?post=47146"}],"curies":[{"name":"wp","href":"https:\/\/api.w.org\/{rel}","templated":true}]}}