{"id":47147,"date":"2019-07-17T19:55:31","date_gmt":"2019-07-17T23:55:31","guid":{"rendered":"https:\/\/linitiative.ca\/International\/centenaire-de-save-the-children-bannir-le-mariage-denfants\/"},"modified":"2019-07-17T19:55:31","modified_gmt":"2019-07-17T23:55:31","slug":"centenaire-de-save-the-children-bannir-le-mariage-denfants","status":"publish","type":"post","link":"https:\/\/linitiative.ca\/International\/centenaire-de-save-the-children-bannir-le-mariage-denfants\/","title":{"rendered":"Centenaire de  \u2018\u2019Save the children\u2019\u2019  Bannir le mariage d\u2019enfants"},"content":{"rendered":"<div class=\"td-post-featured-image\"><a href=\"https:\/\/i0.wp.com\/www.sidwaya.info\/wp-content\/uploads\/2019\/07\/saveschides.gif?fit=974%2C650&#038;ssl=1\" data-caption=\"\"><img loading=\"lazy\" decoding=\"async\" width=\"696\" height=\"464\" class=\"entry-thumb td-modal-image\" src=\"https:\/\/i0.wp.com\/www.sidwaya.info\/wp-content\/uploads\/2019\/07\/saveschides.gif?resize=696%2C464&#038;ssl=1\" alt=\"\" title=\"saveschides\"\/><\/a><\/div>\n<p><strong>L\u2019ONG \u00abSave the children\u00bb a c\u00e9l\u00e9br\u00e9, le mardi 16 juillet 2019 \u00e0 Ouagadougou, les 100 ans d\u2019existence et de travail pour la promotion des droits des enfants \u00e0 travers le monde. La c\u00e9r\u00e9monie a \u00e9t\u00e9 pr\u00e9sid\u00e9e par le Pr\u00e9sident du Faso, Roch Marc Christian Kabor\u00e9, qui s\u2019est engag\u00e9 \u00e0 garantir aux enfants, les droits fondamentaux.<\/strong><\/p>\n<p>1919-2019 ! Cela fait 100 ans que la fondatrice de \u00abSave the children\u00bb, Eglantyne Jebb, s\u2019est engag\u00e9e \u00e0 travers ses multiples actions, \u00e0 d\u00e9fendre sans faille, les causes des enfants dans le monde. Un hommage lui a \u00e9t\u00e9 rendu, le mardi 16 juillet 2019, \u00e0 Ouagadougou. Selon la directrice-pays de \u00abSave the children\u00bb, Emelie Fernandes, le Burkina Faso a connu de grands progr\u00e8s sur la baisse du taux de mortalit\u00e9 infantile et celui de la malnutrition chronique. Malheureusement, \u00e0 l\u2019entendre, il fait partie en 2019, des dix derniers pays sur ce classement de 176 pays. \u00abCela signifie que les enfants du Burkina sont parmi ceux qui ont le moins de chances de profiter pleinement de leur enfance\u00bb, a d\u00e9plor\u00e9 Mme Fernandes. En t\u00e9moigne, comme elle l\u2019a soutenu, la situation s\u00e9curitaire \u2018\u2019tendue\u2019\u2019 depuis 2015 au \u00abpays des Hommes int\u00e8gres\u00bb, obligeant les enfants \u00e0 fuir les zones de conflit, mettant en p\u00e9ril leur \u00e9panouissement. Et d\u2019ajouter que cette situation humanitaire interpelle l\u2019ONG, qui continue de soutenir le gouvernement burkinab\u00e8 dans plusieurs th\u00e9matiques tels le volet de la protection de l\u2019enfant et particuli\u00e8rement le mariage pr\u00e9coce, le volet nutrition, les d\u00e9fis li\u00e9s \u00e0 la sant\u00e9 des enfants et la th\u00e9matique sur la pauvret\u00e9 de l\u2019enfant. Mme Fernandes a indiqu\u00e9 que le mariage d\u2019enfants menace quotidiennement leur \u00e9panouissement et selon l\u2019UNICEF, 52% des femmes ont \u00e9t\u00e9 mari\u00e9es avant 18 ans. \u00abLe Burkina Faso affiche le cinqui\u00e8me taux de pr\u00e9valence du mariage d\u2019enfants le plus \u00e9lev\u00e9 au monde. Le Code des personnes et de la famille autorise toujours le mariage des filles avant 17 ans, ce qui ne prot\u00e8ge pas juridiquement les enfants\u00bb, a-t-elle justifi\u00e9. Pour elle, avec le fort taux d\u2019abandon scolaire, du fait du mariage pr\u00e9coce de filles, elles ont un acc\u00e8s faible \u00e0 l\u2019\u00e9ducation et aux opportunit\u00e9s \u00e9conomiques.<\/p>\n<p>L\u2019\u00e9ducation, l\u2019arme pour changer le monde<\/p>\n<p>Les enfants de la r\u00e9gion du Centre-Nord, l\u2019une des r\u00e9gions affect\u00e9es par le d\u00e9placement des populations, ont \u00e9chang\u00e9 avec le pr\u00e9sident Roch Marc Christian Kabor\u00e9, sur ces diff\u00e9rents volets et ont souhait\u00e9 qu\u2019il pr\u00eate une oreille attentive \u00e0 leurs pr\u00e9occupations, en vue de promouvoir leurs droits. En effet, Cath\u00e9rine Sawadogo, une b\u00e9n\u00e9ficiaire du club d\u2019\u00e9coute du Centre-Nord, qui s\u2019est appesantie sur le volet sant\u00e9 et mariage d\u2019enfants, a not\u00e9 qu\u2019une de leur camarade promise en mariage, mena\u00e7ait la famille d\u2019alerter la police, avant de renoncer \u00e0 ce projet. Face \u00e0 cette situation, Mlle Sawadogo a demand\u00e9 au chef de l\u2019Etat, la garantie qui pourrait mettre les filles \u00e0 l\u2019abri de ce ph\u00e9nom\u00e8ne. A cette raqu\u00eate, il a rassur\u00e9 que le Code p\u00e9nal et celui de la Famille en relecture, seront mis en phase, pour que l\u2019\u00e2ge du mariage soit ramen\u00e9 \u00e0 18 ans. La deuxi\u00e8me pr\u00e9occupation a \u00e9t\u00e9 soulev\u00e9e par Aliz\u00e8ta Ou\u00e9draogo, une autre b\u00e9n\u00e9ficiaire. Paraphrasant les propos du d\u00e9funt pr\u00e9sident de l\u2019Afrique du Sud, Nelson Mandela, qui a soutenu que : \u00abl\u2019\u00e9ducation est l\u2019arme la plus puissante que l\u2019on puisse utiliser pour changer le monde\u00bb, Mlle Ou\u00e9draogo a f\u00e9licit\u00e9 le pr\u00e9sident Kabor\u00e9, pour ses actions en faveur de l\u2019\u00e9ducation. Cependant elle a d\u00e9plor\u00e9 la crise s\u00e9curitaire qui a affect\u00e9 le secteur de l\u2019\u00e9ducation dans certaines r\u00e9gions du pays, \u00e0 travers la fermeture des classes. Tout en souhaitant que des mesures idoines soient prises pour barrer la route aux forces du mal, afin de donner aux enfants des chances d\u2019acqu\u00e9rir des connaissances, Mlle Ou\u00e9draogo a voulu savoir quel est l\u2019engagement pris par le pr\u00e9sident, pour que les enfants dans des zones \u00e0 fort d\u00e9fis s\u00e9curitaires puissent b\u00e9n\u00e9ficier d\u2019une \u00e9ducation de qualit\u00e9 ? A cette pr\u00e9occupation, le pr\u00e9sident du Faso a affirm\u00e9 que le gouvernement continuera \u00e0 prendre les mesures n\u00e9cessaires, pour assurer la s\u00e9curit\u00e9 des populations, afin que les \u00e9l\u00e8ves puissent reprendre la \u00abroute\u00bb de l\u2019\u00e9cole dans la s\u00e9r\u00e9nit\u00e9. \u00abNous pensons que la situation s\u00e9curitaire est ponctuelle et nous pourrons relever les d\u00e9fis\u00bb, a conclu le chef de l\u2019Etat.<\/p>\n<p>Afs\u00e9tou SAWADOGO<\/p>\n<div class=\"td-a-rec td-a-rec-id-content_bottom td_uid_30_5d30e829c8e53_rand td_block_template_1\"><img loading=\"lazy\" decoding=\"async\" class=\"aligncenter size-full wp-image-9623\" src=\"https:\/\/www.sidwaya.info\/wp-content\/uploads\/2019\/06\/Projet-bannie%CC%80re-Orange-mobile.jpg\" alt=\"\" width=\"728\" height=\"81\"\/><\/div>\n<p>Auteur: BM. Sidwaya<br \/>\n<a href=\"https:\/\/www.sidwaya.info\/blog\/2019\/07\/17\/centenaire-de-save-the-children-bannir-le-mariage-denfants\/\">Cliquez ici pour lire l&rsquo;article depuis sa source.<\/a><\/p>\n","protected":false},"excerpt":{"rendered":"<p>L\u2019ONG \u00abSave the children\u00bb a c\u00e9l\u00e9br\u00e9, le mardi 16 juillet 2019 \u00e0 Ouagadougou, les 100 ans d\u2019existence et de travail pour la promotion des droits des enfants \u00e0 travers le monde. La c\u00e9r\u00e9monie a \u00e9t\u00e9 pr\u00e9sid\u00e9e par le Pr\u00e9sident du Faso, Roch Marc Christian Kabor\u00e9, qui s\u2019est engag\u00e9 \u00e0 garantir aux enfants, les droits fondamentaux. [&hellip;]<\/p>\n","protected":false},"author":1816,"featured_media":0,"comment_status":"closed","ping_status":"closed","sticky":false,"template":"","format":"standard","meta":{"fifu_image_url":"","fifu_image_alt":"","footnotes":""},"categories":[73,81],"tags":[],"class_list":["post-47147","post","type-post","status-publish","format-standard","hentry","category-actualite","category-burkina-faso"],"_links":{"self":[{"href":"https:\/\/linitiative.ca\/International\/wp-json\/wp\/v2\/posts\/47147","targetHints":{"allow":["GET"]}}],"collection":[{"href":"https:\/\/linitiative.ca\/International\/wp-json\/wp\/v2\/posts"}],"about":[{"href":"https:\/\/linitiative.ca\/International\/wp-json\/wp\/v2\/types\/post"}],"author":[{"embeddable":true,"href":"https:\/\/linitiative.ca\/International\/wp-json\/wp\/v2\/users\/1816"}],"replies":[{"embeddable":true,"href":"https:\/\/linitiative.ca\/International\/wp-json\/wp\/v2\/comments?post=47147"}],"version-history":[{"count":0,"href":"https:\/\/linitiative.ca\/International\/wp-json\/wp\/v2\/posts\/47147\/revisions"}],"wp:attachment":[{"href":"https:\/\/linitiative.ca\/International\/wp-json\/wp\/v2\/media?parent=47147"}],"wp:term":[{"taxonomy":"category","embeddable":true,"href":"https:\/\/linitiative.ca\/International\/wp-json\/wp\/v2\/categories?post=47147"},{"taxonomy":"post_tag","embeddable":true,"href":"https:\/\/linitiative.ca\/International\/wp-json\/wp\/v2\/tags?post=47147"}],"curies":[{"name":"wp","href":"https:\/\/api.w.org\/{rel}","templated":true}]}}