{"id":47160,"date":"2019-07-18T14:50:02","date_gmt":"2019-07-18T18:50:02","guid":{"rendered":"https:\/\/linitiative.ca\/International\/prise-de-bec-entre-boris-johnson-et-lue-sur-des-harengs\/"},"modified":"2019-07-18T14:50:02","modified_gmt":"2019-07-18T18:50:02","slug":"prise-de-bec-entre-boris-johnson-et-lue-sur-des-harengs","status":"publish","type":"post","link":"https:\/\/linitiative.ca\/International\/prise-de-bec-entre-boris-johnson-et-lue-sur-des-harengs\/","title":{"rendered":"Prise de bec entre Boris Johnson et l\u2019UE sur des harengs"},"content":{"rendered":"<div readability=\"32\">\n<p>Publi\u00e9 le 18.07.2019 \u00e0 19h50 par AFP<\/p>\n<\/div>\n<div readability=\"121\">\n<p>L\u2019Union europ\u00e9enne a contredit jeudi le favori au poste de Premier ministre britannique, Boris Johnson, qui a accus\u00e9 la r\u00e8glementation europ\u00e9enne de nuire aux producteurs de hareng fum\u00e9, en brandissant un poisson pour appuyer son propos.<\/p>\n<p>Tentant de convaincre les membres du Parti conservateur de la n\u00e9cessit\u00e9 de quitter l\u2019Union europ\u00e9enne, lors d\u2019un meeting mercredi soir, Boris Johnson a exhib\u00e9 un hareng fum\u00e9 sous vide.<\/p>\n<p>Il a affirm\u00e9 que ce poisson avait \u00e9t\u00e9 produit par un \u00ab\u00a0fumeur de harengs de l\u2019\u00eele de Man (\u00eele situ\u00e9e dans la mer d\u2019Irlande) qui est absolument furieux, car apr\u00e8s avoir envoy\u00e9 pendant des d\u00e9cennies ses harengs fum\u00e9s par la poste, ses frais ont massivement augment\u00e9 \u00e0 cause des bureaucrates de Bruxelles, qui ont insist\u00e9 pour que chaque hareng soit accompagn\u00e9 de cela \u2013 une poche de glace en plastique\u00a0\u00bb.<\/p>\n<p>Mais Anca Paduraru, porte-parole de la Commission europ\u00e9enne charg\u00e9e des questions de s\u00e9curit\u00e9 alimentaire, a r\u00e9fut\u00e9 ces propos lors d\u2019un briefing quotidien jeudi.<\/p>\n<p>\u00ab\u00a0Le cas d\u00e9crit par M. Johnson n\u2019entre pas dans le champ d\u2019application de la l\u00e9gislation de l\u2019Union europ\u00e9enne et il s\u2019agit exclusivement d\u2019une comp\u00e9tence nationale britannique\u00a0\u00bb, a-t-elle d\u00e9clar\u00e9.<\/p>\n<p>\u00ab\u00a0Il existe des r\u00e8gles strictes en ce qui concerne le poisson frais mais ce type de r\u00e8gles ne s\u2019applique pas aux produits de la p\u00eache transform\u00e9s \u2013 je parle de la temp\u00e9rature et du cas exact qu\u2019il mentionnait\u00a0\u00bb, a-t-elle ajout\u00e9.<\/p>\n<p>Toutefois, une porte-parole du gouvernement de l\u2019\u00eele de Man a d\u00e9clar\u00e9 \u00e0 l\u2019AFP que les r\u00e8gles visant \u00e0 maintenir les harengs \u00e0 la bonne temp\u00e9rature remontent \u00e0 une loi de 2007 qui a \u00e9t\u00e9 adopt\u00e9e sur l\u2019\u00eele quelques mois apr\u00e8s de nouvelles r\u00e9glementations de l\u2019UE sur le sujet.<\/p>\n<p>L\u2019\u00eele de Man n\u2019est pas membre de l\u2019UE, mais en tant que d\u00e9pendance de la Couronne britannique, elle fait partie de l\u2019union douani\u00e8re qui permet le mouvement des produits industriels et agricoles.<\/p>\n<p>En cons\u00e9quence, l\u2019\u00eele doit appliquer certaines r\u00e9glementations europ\u00e9ennes tout en respectant les lois du Royaume-Uni, son principal march\u00e9 commercial.<\/p>\n<p>La porte-parole du gouvernement s\u2019est dite \u00ab\u00a0ravie de voir un tel int\u00e9r\u00eat pour nos harengs mondialement connus\u00a0\u00bb. \u00ab\u00a0La l\u00e9gislation de l\u2019\u00eele de Man est \u00e9troitement li\u00e9e \u00e0 la l\u00e9gislation britannique et aux r\u00e9glementations europ\u00e9ennes en mati\u00e8re de s\u00e9curit\u00e9 alimentaire\u00a0\u00bb, a-t-elle d\u00e9clar\u00e9, expliquant que \u00ab\u00a0lorsque nos produits sont export\u00e9s, ils doivent respecter les normes du march\u00e9 auquel ils sont destin\u00e9s\u00a0\u00bb.<\/p>\n<p>\u00ab\u00a0Au Royaume-Uni, les harengs fum\u00e9s vendus en ligne doivent \u00eatre maintenus \u00e0 une temp\u00e9rature acceptable tout au long de leur transport\u00a0\u00bb, a expliqu\u00e9 David Alexander, responsable en mati\u00e8re de s\u00e9curit\u00e9 alimentaire \u00e0 la Food Standards Agency, agence britannique charg\u00e9e des r\u00e8glementations en mati\u00e8re alimentaire, dans un communiqu\u00e9 transmis \u00e0 l\u2019AFP.<\/p>\n<p>Il peut \u00eatre n\u00e9cessaire de conserver les produits dans un sac isotherme ou avec des produits r\u00e9frig\u00e9rants, a pr\u00e9cis\u00e9 cette agence.<\/p>\n<p>Avant de faire carri\u00e8re en politique, Boris Johnson \u00e9tait journaliste \u00e0 Bruxelles, une p\u00e9riode pendant laquelle il d\u00e9non\u00e7ait l\u2019absurdit\u00e9 de r\u00e8glementations europ\u00e9ennes, et se faisait reprocher ses exag\u00e9rations.<\/p>\n<p>Le commissaire europ\u00e9en \u00e0 la Sant\u00e9, Vytenis Andriukaitis a d\u00e9nonc\u00e9 jeudi les \u00ab\u00a0fake news\u00a0\u00bb de M. Johnson, favori pour remplacer Theresa May \u00e0 Downing Street le 24 juillet.<\/p>\n<p>\u00ab\u00a0Boris, l\u2019\u00eele de Man n\u2019est pas li\u00e9e \u00e0 la *bureaucratie* +inutile et nuisible+ de l\u2019#UE en mati\u00e8re de s\u00e9curit\u00e9 alimentaire dont nous sommes fiers car elle prot\u00e8ge les consommateurs\u00a0\u00bb, a-t-il tweet\u00e9.<\/p>\n<\/div>\n<p>Auteur: AFP<br \/>\n<a href=\"https:\/\/www.journalducameroun.com\/prise-de-bec-entre-boris-johnson-et-lue-sur-des-harengs\/\">Cliquez ici pour lire l&rsquo;article depuis sa source.<\/a><\/p>\n","protected":false},"excerpt":{"rendered":"<p>Publi\u00e9 le 18.07.2019 \u00e0 19h50 par AFP L\u2019Union europ\u00e9enne a contredit jeudi le favori au poste de Premier ministre britannique, Boris Johnson, qui a accus\u00e9 la r\u00e8glementation europ\u00e9enne de nuire aux producteurs de hareng fum\u00e9, en brandissant un poisson pour appuyer son propos. Tentant de convaincre les membres du Parti conservateur de la n\u00e9cessit\u00e9 de [&hellip;]<\/p>\n","protected":false},"author":1965,"featured_media":0,"comment_status":"closed","ping_status":"closed","sticky":false,"template":"","format":"standard","meta":{"fifu_image_url":"","fifu_image_alt":"","footnotes":""},"categories":[73,82],"tags":[],"class_list":["post-47160","post","type-post","status-publish","format-standard","hentry","category-actualite","category-cameroun"],"_links":{"self":[{"href":"https:\/\/linitiative.ca\/International\/wp-json\/wp\/v2\/posts\/47160","targetHints":{"allow":["GET"]}}],"collection":[{"href":"https:\/\/linitiative.ca\/International\/wp-json\/wp\/v2\/posts"}],"about":[{"href":"https:\/\/linitiative.ca\/International\/wp-json\/wp\/v2\/types\/post"}],"author":[{"embeddable":true,"href":"https:\/\/linitiative.ca\/International\/wp-json\/wp\/v2\/users\/1965"}],"replies":[{"embeddable":true,"href":"https:\/\/linitiative.ca\/International\/wp-json\/wp\/v2\/comments?post=47160"}],"version-history":[{"count":0,"href":"https:\/\/linitiative.ca\/International\/wp-json\/wp\/v2\/posts\/47160\/revisions"}],"wp:attachment":[{"href":"https:\/\/linitiative.ca\/International\/wp-json\/wp\/v2\/media?parent=47160"}],"wp:term":[{"taxonomy":"category","embeddable":true,"href":"https:\/\/linitiative.ca\/International\/wp-json\/wp\/v2\/categories?post=47160"},{"taxonomy":"post_tag","embeddable":true,"href":"https:\/\/linitiative.ca\/International\/wp-json\/wp\/v2\/tags?post=47160"}],"curies":[{"name":"wp","href":"https:\/\/api.w.org\/{rel}","templated":true}]}}