{"id":47161,"date":"2019-07-18T15:18:04","date_gmt":"2019-07-18T19:18:04","guid":{"rendered":"https:\/\/linitiative.ca\/International\/le-president-de-la-federation-marocaine-de-football-nomme-2e-vice-president-de-la-caf\/"},"modified":"2019-07-18T15:18:04","modified_gmt":"2019-07-18T19:18:04","slug":"le-president-de-la-federation-marocaine-de-football-nomme-2e-vice-president-de-la-caf","status":"publish","type":"post","link":"https:\/\/linitiative.ca\/International\/le-president-de-la-federation-marocaine-de-football-nomme-2e-vice-president-de-la-caf\/","title":{"rendered":"Le pr\u00e9sident de la f\u00e9d\u00e9ration marocaine de football nomm\u00e9 2e vice-pr\u00e9sident de la CAF"},"content":{"rendered":"<div readability=\"32\">\n<p>Publi\u00e9 le 18.07.2019 \u00e0 20h18 par APA News<\/p>\n<\/div>\n<div readability=\"52\">\n<p>Le pr\u00e9sident de la F\u00e9d\u00e9ration royale marocaine de football (FRMF), Fouzi Lekjaa, a \u00e9t\u00e9 nomm\u00e9 2e vice-pr\u00e9sident de la Conf\u00e9d\u00e9ration africaine de football (CAF).La d\u00e9signation de Fouzi Lekjaa, qui occupait avant le poste de 3e vice-pr\u00e9sident de la CAF, a \u00e9t\u00e9 d\u00e9cid\u00e9e lors d\u2019une r\u00e9union, jeudi 18 juillet au Caire, du comit\u00e9 ex\u00e9cutif de la CAF, cons\u00e9cutive \u00e0 l\u2019Assembl\u00e9e g\u00e9n\u00e9rale de la Conf\u00e9d\u00e9ration.<\/p>\n<p>Le Comit\u00e9 ex\u00e9cutif a \u00e9galement nomm\u00e9 le Congolais Constant Amari et le Sud-africain Danny Jordan respectivement aux postes de 1er et 3e vice-pr\u00e9sidents.<\/p>\n<p>Le Congolais Constant Amari a \u00e9t\u00e9 \u00e9galement port\u00e9 \u00e0 la t\u00eate de la commission d\u2019organisation des comp\u00e9titions interclubs, en remplacement du Tunisien Tarek Bouchamaoui.<\/p>\n<p>Le pr\u00e9sident de la CAF Ahmad Ahmad est d\u00e9sormais le pr\u00e9sident de la Commission d\u2019organisation de la Coupe d\u2019Afrique des nations.<\/p>\n<\/div>\n<p>Auteur: APA News<br \/>\n<a href=\"https:\/\/www.journalducameroun.com\/le-president-de-la-federation-marocaine-de-football-nomme-2e-vice-president-de-la-caf\/\">Cliquez ici pour lire l&rsquo;article depuis sa source.<\/a><\/p>\n","protected":false},"excerpt":{"rendered":"<p>Publi\u00e9 le 18.07.2019 \u00e0 20h18 par APA News Le pr\u00e9sident de la F\u00e9d\u00e9ration royale marocaine de football (FRMF), Fouzi Lekjaa, a \u00e9t\u00e9 nomm\u00e9 2e vice-pr\u00e9sident de la Conf\u00e9d\u00e9ration africaine de football (CAF).La d\u00e9signation de Fouzi Lekjaa, qui occupait avant le poste de 3e vice-pr\u00e9sident de la CAF, a \u00e9t\u00e9 d\u00e9cid\u00e9e lors d\u2019une r\u00e9union, jeudi 18 [&hellip;]<\/p>\n","protected":false},"author":1965,"featured_media":0,"comment_status":"closed","ping_status":"closed","sticky":false,"template":"","format":"standard","meta":{"fifu_image_url":"","fifu_image_alt":"","footnotes":""},"categories":[73,82],"tags":[],"class_list":["post-47161","post","type-post","status-publish","format-standard","hentry","category-actualite","category-cameroun"],"_links":{"self":[{"href":"https:\/\/linitiative.ca\/International\/wp-json\/wp\/v2\/posts\/47161","targetHints":{"allow":["GET"]}}],"collection":[{"href":"https:\/\/linitiative.ca\/International\/wp-json\/wp\/v2\/posts"}],"about":[{"href":"https:\/\/linitiative.ca\/International\/wp-json\/wp\/v2\/types\/post"}],"author":[{"embeddable":true,"href":"https:\/\/linitiative.ca\/International\/wp-json\/wp\/v2\/users\/1965"}],"replies":[{"embeddable":true,"href":"https:\/\/linitiative.ca\/International\/wp-json\/wp\/v2\/comments?post=47161"}],"version-history":[{"count":0,"href":"https:\/\/linitiative.ca\/International\/wp-json\/wp\/v2\/posts\/47161\/revisions"}],"wp:attachment":[{"href":"https:\/\/linitiative.ca\/International\/wp-json\/wp\/v2\/media?parent=47161"}],"wp:term":[{"taxonomy":"category","embeddable":true,"href":"https:\/\/linitiative.ca\/International\/wp-json\/wp\/v2\/categories?post=47161"},{"taxonomy":"post_tag","embeddable":true,"href":"https:\/\/linitiative.ca\/International\/wp-json\/wp\/v2\/tags?post=47161"}],"curies":[{"name":"wp","href":"https:\/\/api.w.org\/{rel}","templated":true}]}}