{"id":47162,"date":"2019-07-18T15:18:05","date_gmt":"2019-07-18T19:18:05","guid":{"rendered":"https:\/\/linitiative.ca\/International\/football-tirage-au-sort-des-eliminatoires-de-la-can-2021\/"},"modified":"2019-07-18T15:18:05","modified_gmt":"2019-07-18T19:18:05","slug":"football-tirage-au-sort-des-eliminatoires-de-la-can-2021","status":"publish","type":"post","link":"https:\/\/linitiative.ca\/International\/football-tirage-au-sort-des-eliminatoires-de-la-can-2021\/","title":{"rendered":"Football: tirage au sort des \u00e9liminatoires de la CAN 2021"},"content":{"rendered":"<div readability=\"32\">\n<p>Publi\u00e9 le 18.07.2019 \u00e0 20h18 par APA News<\/p>\n<\/div>\n<div readability=\"43\">\n<p>Le tirage au sort des \u00e9liminatoires de la Coupe d\u2019Afrique des nations ( CAN) 2021 pr\u00e9vue au Cameroun a \u00e9t\u00e9 effectu\u00e9 jeudi \u00e0 l\u2019h\u00f4tel Marriott Zamalek du Caire, la capitale \u00e9gyptienne o\u00f9 s\u2019est d\u00e9roul\u00e9e l\u2019Assembl\u00e9e g\u00e9n\u00e9rale ordinaire de la Conf\u00e9d\u00e9ration africaine de football (CAF) \u00e0 la faveur de la 32\u00e8 \u00e9dition de la CAN dont la finale opposera, vendredi, l\u2019Alg\u00e9rie au S\u00e9n\u00e9gal.Douze groupes de quatre \u00e9quipes ont \u00e9t\u00e9 ainsi constitu\u00e9s pour les \u00e9liminatoires de cette comp\u00e9tition dont la premi\u00e8re journ\u00e9e est pr\u00e9vue en octobre 2019. Les deux premi\u00e8res \u00e9quipes de chaque groupe sont qualifi\u00e9es pour la CAN 2021 au Cameroun. La s\u00e9lection nationale ivoirienne de football figure dans le groupe K avec le Niger, l\u2019\u00c9thiopie et Madagascar.<\/p>\n<p>Groupe A<\/p>\n<p>Mali<\/p>\n<p>Guin\u00e9e<\/p>\n<p>Namibie<\/p>\n<p>Tchad ou Lib\u00e9ria<\/p>\n<p>Groupe B<\/p>\n<p>Burkina Faso<\/p>\n<p>Ouganda<\/p>\n<p>Malawi<\/p>\n<p>Soudan du sud-Seychelles<\/p>\n<p>Groupe C<\/p>\n<p>Ghana<\/p>\n<p>Afrique du sud<\/p>\n<p>Soudan<\/p>\n<p>\u00cele Maurice-S\u00e3o Tom\u00e9 e Princip\u00e9<\/p>\n<p>Groupe D<\/p>\n<p>RDC<\/p>\n<p>Gabon<\/p>\n<p>Angola<\/p>\n<p>Djibouti-Gambie<\/p>\n<p>Groupe E<\/p>\n<p>Maroc<\/p>\n<p>Mauritanie<\/p>\n<p>R\u00e9publique centrafricaine<\/p>\n<p>Burundi<\/p>\n<p>Groupe F<\/p>\n<p>Cameroun<\/p>\n<p>Cap vert<\/p>\n<p>Mozambique<\/p>\n<p>Rwanda<\/p>\n<p>Groupe G<\/p>\n<p>\u00c9gypte\u00a0<\/p>\n<p>Kenya<\/p>\n<p>Togo<\/p>\n<p>Comores<\/p>\n<p>Groupe H<\/p>\n<p>Alg\u00e9rie<\/p>\n<p>Zambie<\/p>\n<p>Zimbabwe<\/p>\n<p>Botswana<\/p>\n<p>Groupe I<\/p>\n<p>S\u00e9n\u00e9gal<\/p>\n<p>Congo<\/p>\n<p>Guin\u00e9e-Bissau<\/p>\n<p>Eswatini<\/p>\n<p>Groupe J<\/p>\n<p>Tunisie<\/p>\n<p>Libye<\/p>\n<p>Tanzanie<\/p>\n<p>Guin\u00e9e \u00c9quatoriale<\/p>\n<p>Groupe K<\/p>\n<p>C\u00f4te d\u2019Ivoire<\/p>\n<p>Niger<\/p>\n<p>Madagascar<\/p>\n<p>\u00c9thiopie<\/p>\n<p>Groupe L<\/p>\n<p>Nigeria\u00a0<\/p>\n<p>B\u00e9nin<\/p>\n<p>Sierra L\u00e9one<\/p>\n<p>Lesotho<\/p>\n<\/div>\n<p>Auteur: APA News<br \/>\n<a href=\"https:\/\/www.journalducameroun.com\/football-tirage-au-sort-des-eliminatoires-de-la-can-2021\/\">Cliquez ici pour lire l&rsquo;article depuis sa source.<\/a><\/p>\n","protected":false},"excerpt":{"rendered":"<p>Publi\u00e9 le 18.07.2019 \u00e0 20h18 par APA News Le tirage au sort des \u00e9liminatoires de la Coupe d\u2019Afrique des nations ( CAN) 2021 pr\u00e9vue au Cameroun a \u00e9t\u00e9 effectu\u00e9 jeudi \u00e0 l\u2019h\u00f4tel Marriott Zamalek du Caire, la capitale \u00e9gyptienne o\u00f9 s\u2019est d\u00e9roul\u00e9e l\u2019Assembl\u00e9e g\u00e9n\u00e9rale ordinaire de la Conf\u00e9d\u00e9ration africaine de football (CAF) \u00e0 la faveur [&hellip;]<\/p>\n","protected":false},"author":1965,"featured_media":0,"comment_status":"closed","ping_status":"closed","sticky":false,"template":"","format":"standard","meta":{"fifu_image_url":"","fifu_image_alt":"","footnotes":""},"categories":[73,82],"tags":[],"class_list":["post-47162","post","type-post","status-publish","format-standard","hentry","category-actualite","category-cameroun"],"_links":{"self":[{"href":"https:\/\/linitiative.ca\/International\/wp-json\/wp\/v2\/posts\/47162","targetHints":{"allow":["GET"]}}],"collection":[{"href":"https:\/\/linitiative.ca\/International\/wp-json\/wp\/v2\/posts"}],"about":[{"href":"https:\/\/linitiative.ca\/International\/wp-json\/wp\/v2\/types\/post"}],"author":[{"embeddable":true,"href":"https:\/\/linitiative.ca\/International\/wp-json\/wp\/v2\/users\/1965"}],"replies":[{"embeddable":true,"href":"https:\/\/linitiative.ca\/International\/wp-json\/wp\/v2\/comments?post=47162"}],"version-history":[{"count":0,"href":"https:\/\/linitiative.ca\/International\/wp-json\/wp\/v2\/posts\/47162\/revisions"}],"wp:attachment":[{"href":"https:\/\/linitiative.ca\/International\/wp-json\/wp\/v2\/media?parent=47162"}],"wp:term":[{"taxonomy":"category","embeddable":true,"href":"https:\/\/linitiative.ca\/International\/wp-json\/wp\/v2\/categories?post=47162"},{"taxonomy":"post_tag","embeddable":true,"href":"https:\/\/linitiative.ca\/International\/wp-json\/wp\/v2\/tags?post=47162"}],"curies":[{"name":"wp","href":"https:\/\/api.w.org\/{rel}","templated":true}]}}