{"id":47163,"date":"2019-07-18T16:18:03","date_gmt":"2019-07-18T20:18:03","guid":{"rendered":"https:\/\/linitiative.ca\/International\/benin-hausse-du-trafic-au-port-autonome-de-cotonou\/"},"modified":"2019-07-18T16:18:03","modified_gmt":"2019-07-18T20:18:03","slug":"benin-hausse-du-trafic-au-port-autonome-de-cotonou","status":"publish","type":"post","link":"https:\/\/linitiative.ca\/International\/benin-hausse-du-trafic-au-port-autonome-de-cotonou\/","title":{"rendered":"B\u00e9nin : hausse du trafic au Port autonome de Cotonou"},"content":{"rendered":"<div readability=\"32\">\n<p>Publi\u00e9 le 18.07.2019 \u00e0 21h18 par APA News<\/p>\n<\/div>\n<div readability=\"68\">\n<p>Le Port autonome de Cotonou (Pac) a, pour la troisi\u00e8me fois cons\u00e9cutive, enregistr\u00e9 une hausse d\u2019environ 6 millions de tonnes de son trafic au premier semestre de 2019.Dans un communiqu\u00e9, l\u2019administration portuaire note que gr\u00e2ce \u00e0 ses activit\u00e9s, elle contribue \u00e0 90% aux \u00e9changes commerciaux et jusqu\u2019\u00e0 60% au Produit int\u00e9rieur brut du B\u00e9nin. Le Pac contribue aussi entre 80% et 85% aux recettes douani\u00e8res et entre 45 et 50% aux recettes fiscales.<\/p>\n<p>Cette performance s\u2019explique par les trafics de vrac solide qui a presque doubl\u00e9, de conteneurs (25 mille tonnes additionnelles compar\u00e9 \u00e0 mai 2019) et dans une moindre mesure de vrac liquide (+10.834 tonnes) \u00bb.<\/p>\n<p>Ces chiffres compar\u00e9s \u00e0 ceux du mois de juin 2018 montrent une forte croissance de 39%. Mieux, \u00ab le tonnage global \u00e0 l\u2019import (transbordement inclus) sur la p\u00e9riode cumul\u00e9e fait pr\u00e8s de 5 millions de Tonnes, soit 48% du budget import 2019 \u00bb.<\/p>\n<p>Le Port autonome de Cotonou a enregistr\u00e9, en mati\u00e8re de trafic export, 178.887 tonnes, soit une diminution de 2% par rapport \u00e0 mai 2019.<\/p>\n<p>Toutefois, on note une progression de 16% avec 782.322 tonnes \u00e0 mi-parcours de 2019, apr\u00e8s accumulation du trafic. Une progression qui repr\u00e9sente 55% du budget export 2019, contrairement aux 672.458 tonnes en 2018.<\/p>\n<p>Selon l\u2019administration portuaire, ces volumes se justifient par les exportations de coton, de cajou et de bois.<\/p>\n<\/div>\n<p>Auteur: APA News<br \/>\n<a href=\"https:\/\/www.journalducameroun.com\/benin-hausse-du-trafic-au-port-autonome-de-cotonou\/\">Cliquez ici pour lire l&rsquo;article depuis sa source.<\/a><\/p>\n","protected":false},"excerpt":{"rendered":"<p>Publi\u00e9 le 18.07.2019 \u00e0 21h18 par APA News Le Port autonome de Cotonou (Pac) a, pour la troisi\u00e8me fois cons\u00e9cutive, enregistr\u00e9 une hausse d\u2019environ 6 millions de tonnes de son trafic au premier semestre de 2019.Dans un communiqu\u00e9, l\u2019administration portuaire note que gr\u00e2ce \u00e0 ses activit\u00e9s, elle contribue \u00e0 90% aux \u00e9changes commerciaux et jusqu\u2019\u00e0 [&hellip;]<\/p>\n","protected":false},"author":1965,"featured_media":0,"comment_status":"closed","ping_status":"closed","sticky":false,"template":"","format":"standard","meta":{"fifu_image_url":"","fifu_image_alt":"","footnotes":""},"categories":[73,82],"tags":[],"class_list":["post-47163","post","type-post","status-publish","format-standard","hentry","category-actualite","category-cameroun"],"_links":{"self":[{"href":"https:\/\/linitiative.ca\/International\/wp-json\/wp\/v2\/posts\/47163","targetHints":{"allow":["GET"]}}],"collection":[{"href":"https:\/\/linitiative.ca\/International\/wp-json\/wp\/v2\/posts"}],"about":[{"href":"https:\/\/linitiative.ca\/International\/wp-json\/wp\/v2\/types\/post"}],"author":[{"embeddable":true,"href":"https:\/\/linitiative.ca\/International\/wp-json\/wp\/v2\/users\/1965"}],"replies":[{"embeddable":true,"href":"https:\/\/linitiative.ca\/International\/wp-json\/wp\/v2\/comments?post=47163"}],"version-history":[{"count":0,"href":"https:\/\/linitiative.ca\/International\/wp-json\/wp\/v2\/posts\/47163\/revisions"}],"wp:attachment":[{"href":"https:\/\/linitiative.ca\/International\/wp-json\/wp\/v2\/media?parent=47163"}],"wp:term":[{"taxonomy":"category","embeddable":true,"href":"https:\/\/linitiative.ca\/International\/wp-json\/wp\/v2\/categories?post=47163"},{"taxonomy":"post_tag","embeddable":true,"href":"https:\/\/linitiative.ca\/International\/wp-json\/wp\/v2\/tags?post=47163"}],"curies":[{"name":"wp","href":"https:\/\/api.w.org\/{rel}","templated":true}]}}