{"id":47164,"date":"2019-07-18T16:18:06","date_gmt":"2019-07-18T20:18:06","guid":{"rendered":"https:\/\/linitiative.ca\/International\/780-milliards-f-cfa-mobilises-par-les-partenaires-apres-laccord-du-fmi-pm\/"},"modified":"2019-07-18T16:18:06","modified_gmt":"2019-07-18T20:18:06","slug":"780-milliards-f-cfa-mobilises-par-les-partenaires-apres-laccord-du-fmi-pm","status":"publish","type":"post","link":"https:\/\/linitiative.ca\/International\/780-milliards-f-cfa-mobilises-par-les-partenaires-apres-laccord-du-fmi-pm\/","title":{"rendered":"780 milliards f cfa mobilis\u00e9s par les partenaires apr\u00e8s l\u2019accord du FMI (Pm)"},"content":{"rendered":"<div readability=\"32\">\n<p>Publi\u00e9 le 18.07.2019 \u00e0 21h18 par APA News<\/p>\n<\/div>\n<div readability=\"67\">\n<p>Le Premier ministre congolais, Cl\u00e9ment Mouamba a annonc\u00e9, jeudi \u00e0 Brazzaville, la mobilisation de 780 milliards f cfa par les partenaires apr\u00e8s l\u2019accord sur le programme \u00e9conomique sign\u00e9 le 11 juillet 2019 entre le Congo et le Fonds mon\u00e9taire international(FMI).\u00abEn plus des 259 milliards que va b\u00e9n\u00e9ficier le Congo de la part du FMI, d\u2019autres partenaires vont intervenir pour aider le Congo \u00e0 sortir son \u00e9conomie de l\u2019impasse actuelle. Ainsi, la Banque africaine de d\u00e9veloppement va octroyer une aide de 262 milliards CFA, la Banque mondiale environ 171 milliards CFA et la France plus de 89 milliards, soit environ pr\u00e8s de 780 milliards de F CFA que va b\u00e9n\u00e9ficier le Congo \u00e0 l\u2019issue de son accord \u00e9conomique avec le FMI \u00bb, a expliqu\u00e9 le chef du gouvernement congolais au cours d\u2019une conf\u00e9rence de presse.<\/p>\n<p>Selon lui, ces aides vont permettre au pays de soutenir les efforts de r\u00e9tablissement des \u00e9quilibres macro\u00e9conomiques, assainir les finances de l\u2019\u00c9tat mises en branle au lendemain du d\u00e9clenchement de cette crise en 2014, et reconstituer le niveau des r\u00e9serves de change du pays au niveau de la Banque des Etats de l\u2019Afrique centrale (Beac).<\/p>\n<p>Cl\u00e9ment Mouamba a rassur\u00e9 l\u2019opinion nationale sur la volont\u00e9 de son gouvernement \u00e0 faire face aux probl\u00e8mes sociaux dont le paiement des pensions des retrait\u00e9s et d\u2019autres charges sociales, et investir de nouveau dans les infrastructures.<\/p>\n<p>\u00ab Pr\u00e8s de 80% du premier d\u00e9caissement devraient \u00eatre allou\u00e9s au financement des h\u00f4pitaux, des \u00e9coles, de l\u2019acc\u00e8s \u00e0 l\u2019eau et \u00e0 l\u2019\u00e9lectricit\u00e9, y compris des programmes des filets sociaux +Lisungui+ \u00bb, a-t-il indiqu\u00e9.<\/p>\n<p>Il a pr\u00e9cis\u00e9 que la dette ext\u00e9rieure et int\u00e9rieure du Congo est chiffr\u00e9e actuellement \u00e0 5580 milliards FCFA.<\/p>\n<\/div>\n<p>Auteur: APA News<br \/>\n<a href=\"https:\/\/www.journalducameroun.com\/780-milliards-f-cfa-mobilises-par-les-partenaires-apres-laccord-du-fmi-pm\/\">Cliquez ici pour lire l&rsquo;article depuis sa source.<\/a><\/p>\n","protected":false},"excerpt":{"rendered":"<p>Publi\u00e9 le 18.07.2019 \u00e0 21h18 par APA News Le Premier ministre congolais, Cl\u00e9ment Mouamba a annonc\u00e9, jeudi \u00e0 Brazzaville, la mobilisation de 780 milliards f cfa par les partenaires apr\u00e8s l\u2019accord sur le programme \u00e9conomique sign\u00e9 le 11 juillet 2019 entre le Congo et le Fonds mon\u00e9taire international(FMI).\u00abEn plus des 259 milliards que va b\u00e9n\u00e9ficier [&hellip;]<\/p>\n","protected":false},"author":1965,"featured_media":0,"comment_status":"closed","ping_status":"closed","sticky":false,"template":"","format":"standard","meta":{"fifu_image_url":"","fifu_image_alt":"","footnotes":""},"categories":[73,82],"tags":[],"class_list":["post-47164","post","type-post","status-publish","format-standard","hentry","category-actualite","category-cameroun"],"_links":{"self":[{"href":"https:\/\/linitiative.ca\/International\/wp-json\/wp\/v2\/posts\/47164","targetHints":{"allow":["GET"]}}],"collection":[{"href":"https:\/\/linitiative.ca\/International\/wp-json\/wp\/v2\/posts"}],"about":[{"href":"https:\/\/linitiative.ca\/International\/wp-json\/wp\/v2\/types\/post"}],"author":[{"embeddable":true,"href":"https:\/\/linitiative.ca\/International\/wp-json\/wp\/v2\/users\/1965"}],"replies":[{"embeddable":true,"href":"https:\/\/linitiative.ca\/International\/wp-json\/wp\/v2\/comments?post=47164"}],"version-history":[{"count":0,"href":"https:\/\/linitiative.ca\/International\/wp-json\/wp\/v2\/posts\/47164\/revisions"}],"wp:attachment":[{"href":"https:\/\/linitiative.ca\/International\/wp-json\/wp\/v2\/media?parent=47164"}],"wp:term":[{"taxonomy":"category","embeddable":true,"href":"https:\/\/linitiative.ca\/International\/wp-json\/wp\/v2\/categories?post=47164"},{"taxonomy":"post_tag","embeddable":true,"href":"https:\/\/linitiative.ca\/International\/wp-json\/wp\/v2\/tags?post=47164"}],"curies":[{"name":"wp","href":"https:\/\/api.w.org\/{rel}","templated":true}]}}