{"id":47165,"date":"2019-07-18T17:18:02","date_gmt":"2019-07-18T21:18:02","guid":{"rendered":"https:\/\/linitiative.ca\/International\/feuille-de-route-caf-fifa-pour-lamelioration-la-situation-actuelle-de-la-caf\/"},"modified":"2019-07-18T17:18:02","modified_gmt":"2019-07-18T21:18:02","slug":"feuille-de-route-caf-fifa-pour-lamelioration-la-situation-actuelle-de-la-caf","status":"publish","type":"post","link":"https:\/\/linitiative.ca\/International\/feuille-de-route-caf-fifa-pour-lamelioration-la-situation-actuelle-de-la-caf\/","title":{"rendered":"Feuille de route CAF-FIFA pour l\u2019am\u00e9lioration la situation actuelle de la CAF"},"content":{"rendered":"<div readability=\"32\">\n<p>Publi\u00e9 le 18.07.2019 \u00e0 22h18 par APA News<\/p>\n<\/div>\n<div readability=\"45\">\n<p>La Conf\u00e9d\u00e9ration africaine de football (CAF) et la FIFA ont sign\u00e9 ce jeudi un protocole d\u00e9finissant la feuille de route pour am\u00e9liorer la situation actuelle de la CAF.Sign\u00e9 \u00e0 l\u2019occasion de l\u2019assembl\u00e9e g\u00e9n\u00e9rale de la CAF tenue au Caire, cet accord d\u00e9finit les axes de travail et les objectifs du partenariat CAF-FIFA, \u00e0 travers lequel l\u2019instance footbalistique internationale apportera son expertise pour \u00e9valuer la situation actuelle et aider \u00e0 acc\u00e9l\u00e9rer le processus de r\u00e9formes en cours.<\/p>\n<p>En juin dernier, le pr\u00e9sident de la CAF, Ahmad Ahmad a annonc\u00e9 avoir demand\u00e9 au pr\u00e9sident de la FIFA, Gianni Infantino, la mise en place d\u2019une coop\u00e9ration pour pouvoir continuer \u00e0 moderniser les structures de l\u2019instance dirigeante du football africain.<\/p>\n<\/div>\n<p>Auteur: APA News<br \/>\n<a href=\"https:\/\/www.journalducameroun.com\/feuille-de-route-caf-fifa-pour-lamelioration-la-situation-actuelle-de-la-caf\/\">Cliquez ici pour lire l&rsquo;article depuis sa source.<\/a><\/p>\n","protected":false},"excerpt":{"rendered":"<p>Publi\u00e9 le 18.07.2019 \u00e0 22h18 par APA News La Conf\u00e9d\u00e9ration africaine de football (CAF) et la FIFA ont sign\u00e9 ce jeudi un protocole d\u00e9finissant la feuille de route pour am\u00e9liorer la situation actuelle de la CAF.Sign\u00e9 \u00e0 l\u2019occasion de l\u2019assembl\u00e9e g\u00e9n\u00e9rale de la CAF tenue au Caire, cet accord d\u00e9finit les axes de travail et [&hellip;]<\/p>\n","protected":false},"author":1965,"featured_media":0,"comment_status":"closed","ping_status":"closed","sticky":false,"template":"","format":"standard","meta":{"fifu_image_url":"","fifu_image_alt":"","footnotes":""},"categories":[73,82],"tags":[],"class_list":["post-47165","post","type-post","status-publish","format-standard","hentry","category-actualite","category-cameroun"],"_links":{"self":[{"href":"https:\/\/linitiative.ca\/International\/wp-json\/wp\/v2\/posts\/47165","targetHints":{"allow":["GET"]}}],"collection":[{"href":"https:\/\/linitiative.ca\/International\/wp-json\/wp\/v2\/posts"}],"about":[{"href":"https:\/\/linitiative.ca\/International\/wp-json\/wp\/v2\/types\/post"}],"author":[{"embeddable":true,"href":"https:\/\/linitiative.ca\/International\/wp-json\/wp\/v2\/users\/1965"}],"replies":[{"embeddable":true,"href":"https:\/\/linitiative.ca\/International\/wp-json\/wp\/v2\/comments?post=47165"}],"version-history":[{"count":0,"href":"https:\/\/linitiative.ca\/International\/wp-json\/wp\/v2\/posts\/47165\/revisions"}],"wp:attachment":[{"href":"https:\/\/linitiative.ca\/International\/wp-json\/wp\/v2\/media?parent=47165"}],"wp:term":[{"taxonomy":"category","embeddable":true,"href":"https:\/\/linitiative.ca\/International\/wp-json\/wp\/v2\/categories?post=47165"},{"taxonomy":"post_tag","embeddable":true,"href":"https:\/\/linitiative.ca\/International\/wp-json\/wp\/v2\/tags?post=47165"}],"curies":[{"name":"wp","href":"https:\/\/api.w.org\/{rel}","templated":true}]}}